{"id":1208036,"date":"2026-08-28T17:10:00","date_gmt":"2026-08-28T17:10:00","guid":{"rendered":"https:\/\/madeiraisland.news\/?p=1208036"},"modified":"2026-08-28T17:15:25","modified_gmt":"2026-08-28T17:15:25","slug":"junta-de-freguesia-de-machico-encerra-atl-de-verao-que-apoiou-180-criancas","status":"publish","type":"post","link":"https:\/\/madeiraisland.news\/?p=1208036","title":{"rendered":"Junta de Freguesia de Machico encerra ATL de Ver\u00e3o que apoiou 180 crian\u00e7as"},"content":{"rendered":"<p>A Junta de Freguesia de Machico encerra hoje, 28 de Agosto de 2026, mais uma edi\u00e7\u00e3o do seu ATL de Ver\u00e3o, um projecto que ao longo dos meses de Julho e Agosto apoiou directamente cerca de 180 crian\u00e7as, proporcionando-lhes um conjunto diversificado de actividades educativas, desportivas, culturais, recreativas e de contacto com diferentes institui\u00e7\u00f5es e [\u2026]<\/p>\n","protected":false},"excerpt":{"rendered":"<p>A Junta de Freguesia de Machico encerra hoje, 28 de Agosto de 2026, mais uma edi\u00e7\u00e3o do seu ATL de &#8230; <\/p>\n<p class=\"read-more-container\"><a title=\"Junta de Freguesia de Machico encerra ATL de Ver\u00e3o que apoiou 180 crian\u00e7as\" class=\"read-more button\" href=\"https:\/\/madeiraisland.news\/?p=1208036#more-1208036\" aria-label=\"Read more about Junta de Freguesia de Machico encerra ATL de Ver\u00e3o que apoiou 180 crian\u00e7as\">Read more<\/a><\/p>\n","protected":false},"author":258,"featured_media":0,"comment_status":"open","ping_status":"","sticky":false,"template":"","format":"standard","meta":{"footnotes":""},"categories":[19],"tags":[],"class_list":["post-1208036","post","type-post","status-publish","format-standard","hentry","category-madeira-island-news","infinite-scroll-item","masonry-post","generate-columns","tablet-grid-50","mobile-grid-100","grid-parent","grid-33"],"_links":{"self":[{"href":"https:\/\/madeiraisland.news\/index.php?rest_route=\/wp\/v2\/posts\/1208036","targetHints":{"allow":["GET"]}}],"collection":[{"href":"https:\/\/madeiraisland.news\/index.php?rest_route=\/wp\/v2\/posts"}],"about":[{"href":"https:\/\/madeiraisland.news\/index.php?rest_route=\/wp\/v2\/types\/post"}],"author":[{"embeddable":true,"href":"https:\/\/madeiraisland.news\/index.php?rest_route=\/wp\/v2\/users\/258"}],"replies":[{"embeddable":true,"href":"https:\/\/madeiraisland.news\/index.php?rest_route=%2Fwp%2Fv2%2Fcomments&post=1208036"}],"version-history":[{"count":1,"href":"https:\/\/madeiraisland.news\/index.php?rest_route=\/wp\/v2\/posts\/1208036\/revisions"}],"predecessor-version":[{"id":1208037,"href":"https:\/\/madeiraisland.news\/index.php?rest_route=\/wp\/v2\/posts\/1208036\/revisions\/1208037"}],"wp:attachment":[{"href":"https:\/\/madeiraisland.news\/index.php?rest_route=%2Fwp%2Fv2%2Fmedia&parent=1208036"}],"wp:term":[{"taxonomy":"category","embeddable":true,"href":"https:\/\/madeiraisland.news\/index.php?rest_route=%2Fwp%2Fv2%2Fcategories&post=1208036"},{"taxonomy":"post_tag","embeddable":true,"href":"https:\/\/madeiraisland.news\/index.php?rest_route=%2Fwp%2Fv2%2Ftags&post=1208036"}],"curies":[{"name":"wp","href":"https:\/\/api.w.org\/{rel}","templated":true}]}}