{"id":1208034,"date":"2026-08-28T16:52:49","date_gmt":"2026-08-28T16:52:49","guid":{"rendered":"https:\/\/madeiraisland.news\/?p=1208034"},"modified":"2026-08-28T17:00:02","modified_gmt":"2026-08-28T17:00:02","slug":"apuradas-3-candidaturas-da-ram-aos-premios-clube-top-boas-praticas-na-gestao-dos-clubes-desportivos","status":"publish","type":"post","link":"https:\/\/madeiraisland.news\/?p=1208034","title":{"rendered":"Apuradas 3 candidaturas da RAM aos Pr\u00e9mios Clube Top \u2013 Boas Pr\u00e1ticas na Gest\u00e3o dos Clubes Desportivos"},"content":{"rendered":"<p>A\u00a0Direc\u00e7\u00e3o Regional de Desporto (DRD) veio dar conta de que, no \u00e2mbito da edi\u00e7\u00e3o de 2026 dos Pr\u00e9mios CLUBE TOP \u2013 Boas Pr\u00e1ticas na Gest\u00e3o dos Clubes Desportivos, uma iniciativa de \u00e2mbito nacional do\u00a0Instituto Portugu\u00eas do Desporto e Juventude, I.P.\u00a0no qual a DRD \u00e9 parceira institucional, que tem como escopo, o reconhecimento e exalta\u00e7\u00e3o p\u00fablica [\u2026]<\/p>\n","protected":false},"excerpt":{"rendered":"<p>A\u00a0Direc\u00e7\u00e3o Regional de Desporto (DRD) veio dar conta de que, no \u00e2mbito da edi\u00e7\u00e3o de 2026 dos Pr\u00e9mios CLUBE TOP &#8230; <\/p>\n<p class=\"read-more-container\"><a title=\"Apuradas 3 candidaturas da RAM aos Pr\u00e9mios Clube Top \u2013 Boas Pr\u00e1ticas na Gest\u00e3o dos Clubes Desportivos\" class=\"read-more button\" href=\"https:\/\/madeiraisland.news\/?p=1208034#more-1208034\" aria-label=\"Read more about Apuradas 3 candidaturas da RAM aos Pr\u00e9mios Clube Top \u2013 Boas Pr\u00e1ticas na Gest\u00e3o dos Clubes Desportivos\">Read more<\/a><\/p>\n","protected":false},"author":258,"featured_media":0,"comment_status":"open","ping_status":"","sticky":false,"template":"","format":"standard","meta":{"footnotes":""},"categories":[19],"tags":[],"class_list":["post-1208034","post","type-post","status-publish","format-standard","hentry","category-madeira-island-news","infinite-scroll-item","masonry-post","generate-columns","tablet-grid-50","mobile-grid-100","grid-parent","grid-33"],"_links":{"self":[{"href":"https:\/\/madeiraisland.news\/index.php?rest_route=\/wp\/v2\/posts\/1208034","targetHints":{"allow":["GET"]}}],"collection":[{"href":"https:\/\/madeiraisland.news\/index.php?rest_route=\/wp\/v2\/posts"}],"about":[{"href":"https:\/\/madeiraisland.news\/index.php?rest_route=\/wp\/v2\/types\/post"}],"author":[{"embeddable":true,"href":"https:\/\/madeiraisland.news\/index.php?rest_route=\/wp\/v2\/users\/258"}],"replies":[{"embeddable":true,"href":"https:\/\/madeiraisland.news\/index.php?rest_route=%2Fwp%2Fv2%2Fcomments&post=1208034"}],"version-history":[{"count":1,"href":"https:\/\/madeiraisland.news\/index.php?rest_route=\/wp\/v2\/posts\/1208034\/revisions"}],"predecessor-version":[{"id":1208035,"href":"https:\/\/madeiraisland.news\/index.php?rest_route=\/wp\/v2\/posts\/1208034\/revisions\/1208035"}],"wp:attachment":[{"href":"https:\/\/madeiraisland.news\/index.php?rest_route=%2Fwp%2Fv2%2Fmedia&parent=1208034"}],"wp:term":[{"taxonomy":"category","embeddable":true,"href":"https:\/\/madeiraisland.news\/index.php?rest_route=%2Fwp%2Fv2%2Fcategories&post=1208034"},{"taxonomy":"post_tag","embeddable":true,"href":"https:\/\/madeiraisland.news\/index.php?rest_route=%2Fwp%2Fv2%2Ftags&post=1208034"}],"curies":[{"name":"wp","href":"https:\/\/api.w.org\/{rel}","templated":true}]}}