{"id":1208028,"date":"2026-08-28T16:08:31","date_gmt":"2026-08-28T16:08:31","guid":{"rendered":"https:\/\/madeiraisland.news\/?p=1208028"},"modified":"2026-08-28T16:15:17","modified_gmt":"2026-08-28T16:15:17","slug":"pcp-madeira-prepara-se-para-a-festa-do-avante-entre-4-e-6-de-setembro","status":"publish","type":"post","link":"https:\/\/madeiraisland.news\/?p=1208028","title":{"rendered":"PCP-Madeira prepara-se para a \u201cFesta do Avante!\u201d entre 4 e 6 de Setembro"},"content":{"rendered":"<p>O PCP-Madeira come\u00e7a a \u201cafinar os motores\u201d para a pr\u00f3xima Festa do Avante!, este ano na sua 50\u00aa edi\u00e7\u00e3o, e que principia no pr\u00f3ximo dia 4 de Setembro, prolongando-se at\u00e9\u00a06 na Amora, Seixal. Este \u00e9 \u201cum dos maiores acontecimentos pol\u00edticos e culturais realizados no Pa\u00eds\u201d. Em 2026 assinalam-se\u00a050 anos desde a primeira edi\u00e7\u00e3o da Festa [\u2026]<\/p>\n","protected":false},"excerpt":{"rendered":"<p>O PCP-Madeira come\u00e7a a \u201cafinar os motores\u201d para a pr\u00f3xima Festa do Avante!, este ano na sua 50\u00aa edi\u00e7\u00e3o, e &#8230; <\/p>\n<p class=\"read-more-container\"><a title=\"PCP-Madeira prepara-se para a \u201cFesta do Avante!\u201d entre 4 e 6 de Setembro\" class=\"read-more button\" href=\"https:\/\/madeiraisland.news\/?p=1208028#more-1208028\" aria-label=\"Read more about PCP-Madeira prepara-se para a \u201cFesta do Avante!\u201d entre 4 e 6 de Setembro\">Read more<\/a><\/p>\n","protected":false},"author":258,"featured_media":0,"comment_status":"open","ping_status":"","sticky":false,"template":"","format":"standard","meta":{"footnotes":""},"categories":[19],"tags":[],"class_list":["post-1208028","post","type-post","status-publish","format-standard","hentry","category-madeira-island-news","infinite-scroll-item","masonry-post","generate-columns","tablet-grid-50","mobile-grid-100","grid-parent","grid-33"],"_links":{"self":[{"href":"https:\/\/madeiraisland.news\/index.php?rest_route=\/wp\/v2\/posts\/1208028","targetHints":{"allow":["GET"]}}],"collection":[{"href":"https:\/\/madeiraisland.news\/index.php?rest_route=\/wp\/v2\/posts"}],"about":[{"href":"https:\/\/madeiraisland.news\/index.php?rest_route=\/wp\/v2\/types\/post"}],"author":[{"embeddable":true,"href":"https:\/\/madeiraisland.news\/index.php?rest_route=\/wp\/v2\/users\/258"}],"replies":[{"embeddable":true,"href":"https:\/\/madeiraisland.news\/index.php?rest_route=%2Fwp%2Fv2%2Fcomments&post=1208028"}],"version-history":[{"count":1,"href":"https:\/\/madeiraisland.news\/index.php?rest_route=\/wp\/v2\/posts\/1208028\/revisions"}],"predecessor-version":[{"id":1208029,"href":"https:\/\/madeiraisland.news\/index.php?rest_route=\/wp\/v2\/posts\/1208028\/revisions\/1208029"}],"wp:attachment":[{"href":"https:\/\/madeiraisland.news\/index.php?rest_route=%2Fwp%2Fv2%2Fmedia&parent=1208028"}],"wp:term":[{"taxonomy":"category","embeddable":true,"href":"https:\/\/madeiraisland.news\/index.php?rest_route=%2Fwp%2Fv2%2Fcategories&post=1208028"},{"taxonomy":"post_tag","embeddable":true,"href":"https:\/\/madeiraisland.news\/index.php?rest_route=%2Fwp%2Fv2%2Ftags&post=1208028"}],"curies":[{"name":"wp","href":"https:\/\/api.w.org\/{rel}","templated":true}]}}