{"id":1208026,"date":"2026-08-28T16:13:38","date_gmt":"2026-08-28T16:13:38","guid":{"rendered":"https:\/\/madeiraisland.news\/?p=1208026"},"modified":"2026-08-28T16:15:17","modified_gmt":"2026-08-28T16:15:17","slug":"gr-e-santana-cidade-solidaria-realizam-encontro-o-sentido-do-cuidar-em-outubro","status":"publish","type":"post","link":"https:\/\/madeiraisland.news\/?p=1208026","title":{"rendered":"GR e Santana Cidade Solid\u00e1ria realizam encontro \u201cO Sentido do Cuidar\u201d em Outubro"},"content":{"rendered":"<p>A Associa\u00e7\u00e3o Santana Cidade Solid\u00e1ria promove, no dia 21 de Outubro, na Quinta do Fur\u00e3o, o Encontro Regional \u201cO Sentido do Cuidar\u201d, destinado a valorizar e capacitar os profissionais que prestam cuidados \u00e0 popula\u00e7\u00e3o idosa. A formaliza\u00e7\u00e3o do contrato-programa teve lugar esta sexta-feira, na sede da Associa\u00e7\u00e3o Santana Cidade Solid\u00e1ria (ASCS), numa cerim\u00f3nia presidida pela [\u2026]<\/p>\n","protected":false},"excerpt":{"rendered":"<p>A Associa\u00e7\u00e3o Santana Cidade Solid\u00e1ria promove, no dia 21 de Outubro, na Quinta do Fur\u00e3o, o Encontro Regional \u201cO Sentido &#8230; <\/p>\n<p class=\"read-more-container\"><a title=\"GR e Santana Cidade Solid\u00e1ria realizam encontro \u201cO Sentido do Cuidar\u201d em Outubro\" class=\"read-more button\" href=\"https:\/\/madeiraisland.news\/?p=1208026#more-1208026\" aria-label=\"Read more about GR e Santana Cidade Solid\u00e1ria realizam encontro \u201cO Sentido do Cuidar\u201d em Outubro\">Read more<\/a><\/p>\n","protected":false},"author":258,"featured_media":0,"comment_status":"open","ping_status":"","sticky":false,"template":"","format":"standard","meta":{"footnotes":""},"categories":[19],"tags":[],"class_list":["post-1208026","post","type-post","status-publish","format-standard","hentry","category-madeira-island-news","infinite-scroll-item","masonry-post","generate-columns","tablet-grid-50","mobile-grid-100","grid-parent","grid-33"],"_links":{"self":[{"href":"https:\/\/madeiraisland.news\/index.php?rest_route=\/wp\/v2\/posts\/1208026","targetHints":{"allow":["GET"]}}],"collection":[{"href":"https:\/\/madeiraisland.news\/index.php?rest_route=\/wp\/v2\/posts"}],"about":[{"href":"https:\/\/madeiraisland.news\/index.php?rest_route=\/wp\/v2\/types\/post"}],"author":[{"embeddable":true,"href":"https:\/\/madeiraisland.news\/index.php?rest_route=\/wp\/v2\/users\/258"}],"replies":[{"embeddable":true,"href":"https:\/\/madeiraisland.news\/index.php?rest_route=%2Fwp%2Fv2%2Fcomments&post=1208026"}],"version-history":[{"count":1,"href":"https:\/\/madeiraisland.news\/index.php?rest_route=\/wp\/v2\/posts\/1208026\/revisions"}],"predecessor-version":[{"id":1208027,"href":"https:\/\/madeiraisland.news\/index.php?rest_route=\/wp\/v2\/posts\/1208026\/revisions\/1208027"}],"wp:attachment":[{"href":"https:\/\/madeiraisland.news\/index.php?rest_route=%2Fwp%2Fv2%2Fmedia&parent=1208026"}],"wp:term":[{"taxonomy":"category","embeddable":true,"href":"https:\/\/madeiraisland.news\/index.php?rest_route=%2Fwp%2Fv2%2Fcategories&post=1208026"},{"taxonomy":"post_tag","embeddable":true,"href":"https:\/\/madeiraisland.news\/index.php?rest_route=%2Fwp%2Fv2%2Ftags&post=1208026"}],"curies":[{"name":"wp","href":"https:\/\/api.w.org\/{rel}","templated":true}]}}