{"id":1208024,"date":"2026-08-28T15:28:35","date_gmt":"2026-08-28T15:28:35","guid":{"rendered":"https:\/\/madeiraisland.news\/?p=1208024"},"modified":"2026-08-28T15:41:01","modified_gmt":"2026-08-28T15:41:01","slug":"psp-da-conta-de-62-acidentes-que-causaram-19-feridos-ligeiros","status":"publish","type":"post","link":"https:\/\/madeiraisland.news\/?p=1208024","title":{"rendered":"PSP d\u00e1 conta de 62 acidentes, que causaram 19 feridos ligeiros"},"content":{"rendered":"<p>A Pol\u00edcia de Seguran\u00e7a P\u00fablica divulgou os dados da sinistralidade rodovi\u00e1ria na Regi\u00e3o nos \u00faltimos dias, nomeadamente no per\u00edodo compreendido entre 21 e 27 de Agosto. \u00a0 Como se pode ver no quadro, verificou-se um total de 62 acidentes, a maior parte no concelho mais populoso, o do Funchal, seguido pelo de Santa Cruz. Os [\u2026]<\/p>\n","protected":false},"excerpt":{"rendered":"<p>A Pol\u00edcia de Seguran\u00e7a P\u00fablica divulgou os dados da sinistralidade rodovi\u00e1ria na Regi\u00e3o nos \u00faltimos dias, nomeadamente no per\u00edodo compreendido &#8230; <\/p>\n<p class=\"read-more-container\"><a title=\"PSP d\u00e1 conta de 62 acidentes, que causaram 19 feridos ligeiros\" class=\"read-more button\" href=\"https:\/\/madeiraisland.news\/?p=1208024#more-1208024\" aria-label=\"Read more about PSP d\u00e1 conta de 62 acidentes, que causaram 19 feridos ligeiros\">Read more<\/a><\/p>\n","protected":false},"author":258,"featured_media":0,"comment_status":"open","ping_status":"","sticky":false,"template":"","format":"standard","meta":{"footnotes":""},"categories":[19],"tags":[],"class_list":["post-1208024","post","type-post","status-publish","format-standard","hentry","category-madeira-island-news","infinite-scroll-item","masonry-post","generate-columns","tablet-grid-50","mobile-grid-100","grid-parent","grid-33"],"_links":{"self":[{"href":"https:\/\/madeiraisland.news\/index.php?rest_route=\/wp\/v2\/posts\/1208024","targetHints":{"allow":["GET"]}}],"collection":[{"href":"https:\/\/madeiraisland.news\/index.php?rest_route=\/wp\/v2\/posts"}],"about":[{"href":"https:\/\/madeiraisland.news\/index.php?rest_route=\/wp\/v2\/types\/post"}],"author":[{"embeddable":true,"href":"https:\/\/madeiraisland.news\/index.php?rest_route=\/wp\/v2\/users\/258"}],"replies":[{"embeddable":true,"href":"https:\/\/madeiraisland.news\/index.php?rest_route=%2Fwp%2Fv2%2Fcomments&post=1208024"}],"version-history":[{"count":1,"href":"https:\/\/madeiraisland.news\/index.php?rest_route=\/wp\/v2\/posts\/1208024\/revisions"}],"predecessor-version":[{"id":1208025,"href":"https:\/\/madeiraisland.news\/index.php?rest_route=\/wp\/v2\/posts\/1208024\/revisions\/1208025"}],"wp:attachment":[{"href":"https:\/\/madeiraisland.news\/index.php?rest_route=%2Fwp%2Fv2%2Fmedia&parent=1208024"}],"wp:term":[{"taxonomy":"category","embeddable":true,"href":"https:\/\/madeiraisland.news\/index.php?rest_route=%2Fwp%2Fv2%2Fcategories&post=1208024"},{"taxonomy":"post_tag","embeddable":true,"href":"https:\/\/madeiraisland.news\/index.php?rest_route=%2Fwp%2Fv2%2Ftags&post=1208024"}],"curies":[{"name":"wp","href":"https:\/\/api.w.org\/{rel}","templated":true}]}}