{"id":1208021,"date":"2026-08-28T15:03:39","date_gmt":"2026-08-28T15:03:39","guid":{"rendered":"https:\/\/madeiraisland.news\/?p=1208021"},"modified":"2026-08-28T15:19:26","modified_gmt":"2026-08-28T15:19:26","slug":"lider-do-ps-acores-exige-solucao-urgente-para-reembolsos-das-viagens-aereas","status":"publish","type":"post","link":"https:\/\/madeiraisland.news\/?p=1208021","title":{"rendered":"L\u00edder do PS\/A\u00e7ores exige solu\u00e7\u00e3o urgente para reembolsos das viagens a\u00e9reas"},"content":{"rendered":"<p>O l\u00edder do PS\/A\u00e7ores, Francisco C\u00e9sar, exigiu hoje ao Governo da Rep\u00fablica uma &#8220;solu\u00e7\u00e3o urgente&#8221; para os problemas que continuam a afetar os reembolsos das viagens a\u00e9reas dos a\u00e7orianos, segundo um comunicado do partido.<br \/>\nFrancisco C\u00e9sar garante que o PS n\u00e3o permitir\u00e1 que qualquer cidad\u00e3o seja prejudicado por atrasos, falhas da plataforma que processa os reembolsos do mecanismo de continuidade territorial (como \u00e9 agora designado o antigo subs\u00eddio social de mobilidade) ou pelo incumprimento da lei.<\/p>\n","protected":false},"excerpt":{"rendered":"<p>O l\u00edder do PS\/A\u00e7ores, Francisco C\u00e9sar, exigiu hoje ao Governo da Rep\u00fablica uma &#8220;solu\u00e7\u00e3o urgente&#8221; para os problemas que continuam a afetar os reembolsos das viagens a\u00e9reas dos a\u00e7orianos, segundo um comunicado do partido. Francisco<\/p>\n","protected":false},"author":5,"featured_media":0,"comment_status":"open","ping_status":"","sticky":false,"template":"","format":"standard","meta":{"footnotes":""},"categories":[19],"tags":[],"class_list":["post-1208021","post","type-post","status-publish","format-standard","hentry","category-madeira-island-news","infinite-scroll-item","masonry-post","generate-columns","tablet-grid-50","mobile-grid-100","grid-parent","grid-33"],"_links":{"self":[{"href":"https:\/\/madeiraisland.news\/index.php?rest_route=\/wp\/v2\/posts\/1208021","targetHints":{"allow":["GET"]}}],"collection":[{"href":"https:\/\/madeiraisland.news\/index.php?rest_route=\/wp\/v2\/posts"}],"about":[{"href":"https:\/\/madeiraisland.news\/index.php?rest_route=\/wp\/v2\/types\/post"}],"author":[{"embeddable":true,"href":"https:\/\/madeiraisland.news\/index.php?rest_route=\/wp\/v2\/users\/5"}],"replies":[{"embeddable":true,"href":"https:\/\/madeiraisland.news\/index.php?rest_route=%2Fwp%2Fv2%2Fcomments&post=1208021"}],"version-history":[{"count":2,"href":"https:\/\/madeiraisland.news\/index.php?rest_route=\/wp\/v2\/posts\/1208021\/revisions"}],"predecessor-version":[{"id":1208023,"href":"https:\/\/madeiraisland.news\/index.php?rest_route=\/wp\/v2\/posts\/1208021\/revisions\/1208023"}],"wp:attachment":[{"href":"https:\/\/madeiraisland.news\/index.php?rest_route=%2Fwp%2Fv2%2Fmedia&parent=1208021"}],"wp:term":[{"taxonomy":"category","embeddable":true,"href":"https:\/\/madeiraisland.news\/index.php?rest_route=%2Fwp%2Fv2%2Fcategories&post=1208021"},{"taxonomy":"post_tag","embeddable":true,"href":"https:\/\/madeiraisland.news\/index.php?rest_route=%2Fwp%2Fv2%2Ftags&post=1208021"}],"curies":[{"name":"wp","href":"https:\/\/api.w.org\/{rel}","templated":true}]}}