{"id":1208019,"date":"2026-08-28T15:04:09","date_gmt":"2026-08-28T15:04:09","guid":{"rendered":"https:\/\/madeiraisland.news\/?p=1208019"},"modified":"2026-08-28T15:19:24","modified_gmt":"2026-08-28T15:19:24","slug":"mais-uma-escritora-madeirense-e-semifinalista-do-premio-oceanos-judite-canha-fernandes","status":"publish","type":"post","link":"https:\/\/madeiraisland.news\/?p=1208019","title":{"rendered":"Mais uma escritora madeirense \u00e9 semifinalista do Pr\u00e9mio Oceanos: Judite Canha Fernandes"},"content":{"rendered":"<p>Escapou-nos este pormenor, pelo que nos penitenciamos, mas h\u00e1 mais uma madeirense, al\u00e9m de Ana Teresa Pereira, que \u00e9 semifinalista do Pr\u00e9mio Oceanos. Trata-se de Judite Canha Fernandes, com o livro \u201cO Mel sem Abelhas\u201d. Judite Canha Fernandes nasceu na Madeira, mas mudou-se ainda muito nova com os pais para S\u00e3o Miguel. Hoje reside no [\u2026]<\/p>\n","protected":false},"excerpt":{"rendered":"<p>Escapou-nos este pormenor, pelo que nos penitenciamos, mas h\u00e1 mais uma madeirense, al\u00e9m de Ana Teresa Pereira, que \u00e9 semifinalista &#8230; <\/p>\n<p class=\"read-more-container\"><a title=\"Mais uma escritora madeirense \u00e9 semifinalista do Pr\u00e9mio Oceanos: Judite Canha Fernandes\" class=\"read-more button\" href=\"https:\/\/madeiraisland.news\/?p=1208019#more-1208019\" aria-label=\"Read more about Mais uma escritora madeirense \u00e9 semifinalista do Pr\u00e9mio Oceanos: Judite Canha Fernandes\">Read more<\/a><\/p>\n","protected":false},"author":258,"featured_media":0,"comment_status":"open","ping_status":"","sticky":false,"template":"","format":"standard","meta":{"footnotes":""},"categories":[19],"tags":[],"class_list":["post-1208019","post","type-post","status-publish","format-standard","hentry","category-madeira-island-news","infinite-scroll-item","masonry-post","generate-columns","tablet-grid-50","mobile-grid-100","grid-parent","grid-33"],"_links":{"self":[{"href":"https:\/\/madeiraisland.news\/index.php?rest_route=\/wp\/v2\/posts\/1208019","targetHints":{"allow":["GET"]}}],"collection":[{"href":"https:\/\/madeiraisland.news\/index.php?rest_route=\/wp\/v2\/posts"}],"about":[{"href":"https:\/\/madeiraisland.news\/index.php?rest_route=\/wp\/v2\/types\/post"}],"author":[{"embeddable":true,"href":"https:\/\/madeiraisland.news\/index.php?rest_route=\/wp\/v2\/users\/258"}],"replies":[{"embeddable":true,"href":"https:\/\/madeiraisland.news\/index.php?rest_route=%2Fwp%2Fv2%2Fcomments&post=1208019"}],"version-history":[{"count":1,"href":"https:\/\/madeiraisland.news\/index.php?rest_route=\/wp\/v2\/posts\/1208019\/revisions"}],"predecessor-version":[{"id":1208020,"href":"https:\/\/madeiraisland.news\/index.php?rest_route=\/wp\/v2\/posts\/1208019\/revisions\/1208020"}],"wp:attachment":[{"href":"https:\/\/madeiraisland.news\/index.php?rest_route=%2Fwp%2Fv2%2Fmedia&parent=1208019"}],"wp:term":[{"taxonomy":"category","embeddable":true,"href":"https:\/\/madeiraisland.news\/index.php?rest_route=%2Fwp%2Fv2%2Fcategories&post=1208019"},{"taxonomy":"post_tag","embeddable":true,"href":"https:\/\/madeiraisland.news\/index.php?rest_route=%2Fwp%2Fv2%2Ftags&post=1208019"}],"curies":[{"name":"wp","href":"https:\/\/api.w.org\/{rel}","templated":true}]}}