{"id":1208015,"date":"2026-08-28T15:17:01","date_gmt":"2026-08-28T15:17:01","guid":{"rendered":"https:\/\/madeiraisland.news\/?p=1208015"},"modified":"2026-08-28T15:19:24","modified_gmt":"2026-08-28T15:19:24","slug":"proteccao-civil-com-autonomia-para-formar-enfermeiros-em-triagem-telefonica-de-manchester","status":"publish","type":"post","link":"https:\/\/madeiraisland.news\/?p=1208015","title":{"rendered":"Protec\u00e7\u00e3o Civil com autonomia para formar enfermeiros em Triagem Telef\u00f3nica de Manchester"},"content":{"rendered":"<p>De acordo com a Protec\u00e7\u00e3o Civil madeirense, cinco enfermeiros do Servi\u00e7o de Emerg\u00eancia M\u00e9dica Regional (SEMER) conclu\u00edram o Curso de Instrutor em Triagem Telef\u00f3nica de Manchester, permitindo ao Centro de Forma\u00e7\u00e3o e Treino em Emerg\u00eancia e Protec\u00e7\u00e3o Civil da Regi\u00e3o Aut\u00f3noma da Madeira passar a dispor de capacidade pr\u00f3pria para formar, qualificar e requalificar os [\u2026]<\/p>\n","protected":false},"excerpt":{"rendered":"<p>De acordo com a Protec\u00e7\u00e3o Civil madeirense, cinco enfermeiros do Servi\u00e7o de Emerg\u00eancia M\u00e9dica Regional (SEMER) conclu\u00edram o Curso de &#8230; <\/p>\n<p class=\"read-more-container\"><a title=\"Protec\u00e7\u00e3o Civil com autonomia para formar enfermeiros em Triagem Telef\u00f3nica de Manchester\" class=\"read-more button\" href=\"https:\/\/madeiraisland.news\/?p=1208015#more-1208015\" aria-label=\"Read more about Protec\u00e7\u00e3o Civil com autonomia para formar enfermeiros em Triagem Telef\u00f3nica de Manchester\">Read more<\/a><\/p>\n","protected":false},"author":258,"featured_media":0,"comment_status":"open","ping_status":"","sticky":false,"template":"","format":"standard","meta":{"footnotes":""},"categories":[19],"tags":[],"class_list":["post-1208015","post","type-post","status-publish","format-standard","hentry","category-madeira-island-news","infinite-scroll-item","masonry-post","generate-columns","tablet-grid-50","mobile-grid-100","grid-parent","grid-33"],"_links":{"self":[{"href":"https:\/\/madeiraisland.news\/index.php?rest_route=\/wp\/v2\/posts\/1208015","targetHints":{"allow":["GET"]}}],"collection":[{"href":"https:\/\/madeiraisland.news\/index.php?rest_route=\/wp\/v2\/posts"}],"about":[{"href":"https:\/\/madeiraisland.news\/index.php?rest_route=\/wp\/v2\/types\/post"}],"author":[{"embeddable":true,"href":"https:\/\/madeiraisland.news\/index.php?rest_route=\/wp\/v2\/users\/258"}],"replies":[{"embeddable":true,"href":"https:\/\/madeiraisland.news\/index.php?rest_route=%2Fwp%2Fv2%2Fcomments&post=1208015"}],"version-history":[{"count":1,"href":"https:\/\/madeiraisland.news\/index.php?rest_route=\/wp\/v2\/posts\/1208015\/revisions"}],"predecessor-version":[{"id":1208016,"href":"https:\/\/madeiraisland.news\/index.php?rest_route=\/wp\/v2\/posts\/1208015\/revisions\/1208016"}],"wp:attachment":[{"href":"https:\/\/madeiraisland.news\/index.php?rest_route=%2Fwp%2Fv2%2Fmedia&parent=1208015"}],"wp:term":[{"taxonomy":"category","embeddable":true,"href":"https:\/\/madeiraisland.news\/index.php?rest_route=%2Fwp%2Fv2%2Fcategories&post=1208015"},{"taxonomy":"post_tag","embeddable":true,"href":"https:\/\/madeiraisland.news\/index.php?rest_route=%2Fwp%2Fv2%2Ftags&post=1208015"}],"curies":[{"name":"wp","href":"https:\/\/api.w.org\/{rel}","templated":true}]}}