{"id":1208013,"date":"2026-08-28T14:54:52","date_gmt":"2026-08-28T14:54:52","guid":{"rendered":"https:\/\/madeiraisland.news\/?p=1208013"},"modified":"2026-08-28T15:01:27","modified_gmt":"2026-08-28T15:01:27","slug":"silvia-sousa-silva-pede-respostas-sobre-uso-de-gado-no-combate-ao-risco-de-fogo","status":"publish","type":"post","link":"https:\/\/madeiraisland.news\/?p=1208013","title":{"rendered":"S\u00edlvia Sousa Silva pede respostas sobre uso de gado no combate ao risco de fogo"},"content":{"rendered":"<p>AF! A deputada do PS na Assembleia Legislativa da Madeira, S\u00edlvia Sousa Silva, questionou a capacidade do Governo Regional para implementar um modelo eficaz de pastoreio dirigido na preven\u00e7\u00e3o dos inc\u00eandios rurais, acusando o presidente do Executivo, Miguel Albuquerque, de ter alterado a sua posi\u00e7\u00e3o sobre a mat\u00e9ria apenas depois dos grandes fogos ocorridos na [\u2026]<\/p>\n","protected":false},"excerpt":{"rendered":"<p>AF! A deputada do PS na Assembleia Legislativa da Madeira, S\u00edlvia Sousa Silva, questionou a capacidade do Governo Regional para &#8230; <\/p>\n<p class=\"read-more-container\"><a title=\"S\u00edlvia Sousa Silva pede respostas sobre uso de gado no combate ao risco de fogo\" class=\"read-more button\" href=\"https:\/\/madeiraisland.news\/?p=1208013#more-1208013\" aria-label=\"Read more about S\u00edlvia Sousa Silva pede respostas sobre uso de gado no combate ao risco de fogo\">Read more<\/a><\/p>\n","protected":false},"author":260,"featured_media":0,"comment_status":"open","ping_status":"","sticky":false,"template":"","format":"standard","meta":{"footnotes":""},"categories":[19],"tags":[],"class_list":["post-1208013","post","type-post","status-publish","format-standard","hentry","category-madeira-island-news","infinite-scroll-item","masonry-post","generate-columns","tablet-grid-50","mobile-grid-100","grid-parent","grid-33"],"_links":{"self":[{"href":"https:\/\/madeiraisland.news\/index.php?rest_route=\/wp\/v2\/posts\/1208013","targetHints":{"allow":["GET"]}}],"collection":[{"href":"https:\/\/madeiraisland.news\/index.php?rest_route=\/wp\/v2\/posts"}],"about":[{"href":"https:\/\/madeiraisland.news\/index.php?rest_route=\/wp\/v2\/types\/post"}],"author":[{"embeddable":true,"href":"https:\/\/madeiraisland.news\/index.php?rest_route=\/wp\/v2\/users\/260"}],"replies":[{"embeddable":true,"href":"https:\/\/madeiraisland.news\/index.php?rest_route=%2Fwp%2Fv2%2Fcomments&post=1208013"}],"version-history":[{"count":1,"href":"https:\/\/madeiraisland.news\/index.php?rest_route=\/wp\/v2\/posts\/1208013\/revisions"}],"predecessor-version":[{"id":1208014,"href":"https:\/\/madeiraisland.news\/index.php?rest_route=\/wp\/v2\/posts\/1208013\/revisions\/1208014"}],"wp:attachment":[{"href":"https:\/\/madeiraisland.news\/index.php?rest_route=%2Fwp%2Fv2%2Fmedia&parent=1208013"}],"wp:term":[{"taxonomy":"category","embeddable":true,"href":"https:\/\/madeiraisland.news\/index.php?rest_route=%2Fwp%2Fv2%2Fcategories&post=1208013"},{"taxonomy":"post_tag","embeddable":true,"href":"https:\/\/madeiraisland.news\/index.php?rest_route=%2Fwp%2Fv2%2Ftags&post=1208013"}],"curies":[{"name":"wp","href":"https:\/\/api.w.org\/{rel}","templated":true}]}}