{"id":1208009,"date":"2026-08-28T14:15:32","date_gmt":"2026-08-28T14:15:32","guid":{"rendered":"https:\/\/madeiraisland.news\/?p=1208009"},"modified":"2026-08-28T14:17:22","modified_gmt":"2026-08-28T14:17:22","slug":"governo-regional-prorroga-ate-2027-a-2030-prazo-para-renovacao-da-frota-de-taxis","status":"publish","type":"post","link":"https:\/\/madeiraisland.news\/?p=1208009","title":{"rendered":"Governo Regional prorroga at\u00e9 2027 a 2030 prazo para renova\u00e7\u00e3o da frota de t\u00e1xis"},"content":{"rendered":"<p>AF! O Governo Regional, atrav\u00e9s da Secretaria Regional de Equipamentos e Infraestruturas, aprovou uma nova Portaria que prorroga o per\u00edodo transit\u00f3rio para o cumprimento do limite de idade dos ve\u00edculos afetos \u00e0 atividade de transporte em t\u00e1xi. Esta prorroga\u00e7\u00e3o procura assegurar uma transi\u00e7\u00e3o gradual e adequada \u00e0 realidade do setor, permitindo aos operadores de t\u00e1xi [\u2026]<\/p>\n","protected":false},"excerpt":{"rendered":"<p>AF! O Governo Regional, atrav\u00e9s da Secretaria Regional de Equipamentos e Infraestruturas, aprovou uma nova Portaria que prorroga o per\u00edodo &#8230; <\/p>\n<p class=\"read-more-container\"><a title=\"Governo Regional prorroga at\u00e9 2027 a 2030 prazo para renova\u00e7\u00e3o da frota de t\u00e1xis\" class=\"read-more button\" href=\"https:\/\/madeiraisland.news\/?p=1208009#more-1208009\" aria-label=\"Read more about Governo Regional prorroga at\u00e9 2027 a 2030 prazo para renova\u00e7\u00e3o da frota de t\u00e1xis\">Read more<\/a><\/p>\n","protected":false},"author":260,"featured_media":0,"comment_status":"open","ping_status":"","sticky":false,"template":"","format":"standard","meta":{"footnotes":""},"categories":[19],"tags":[],"class_list":["post-1208009","post","type-post","status-publish","format-standard","hentry","category-madeira-island-news","infinite-scroll-item","masonry-post","generate-columns","tablet-grid-50","mobile-grid-100","grid-parent","grid-33"],"_links":{"self":[{"href":"https:\/\/madeiraisland.news\/index.php?rest_route=\/wp\/v2\/posts\/1208009","targetHints":{"allow":["GET"]}}],"collection":[{"href":"https:\/\/madeiraisland.news\/index.php?rest_route=\/wp\/v2\/posts"}],"about":[{"href":"https:\/\/madeiraisland.news\/index.php?rest_route=\/wp\/v2\/types\/post"}],"author":[{"embeddable":true,"href":"https:\/\/madeiraisland.news\/index.php?rest_route=\/wp\/v2\/users\/260"}],"replies":[{"embeddable":true,"href":"https:\/\/madeiraisland.news\/index.php?rest_route=%2Fwp%2Fv2%2Fcomments&post=1208009"}],"version-history":[{"count":1,"href":"https:\/\/madeiraisland.news\/index.php?rest_route=\/wp\/v2\/posts\/1208009\/revisions"}],"predecessor-version":[{"id":1208010,"href":"https:\/\/madeiraisland.news\/index.php?rest_route=\/wp\/v2\/posts\/1208009\/revisions\/1208010"}],"wp:attachment":[{"href":"https:\/\/madeiraisland.news\/index.php?rest_route=%2Fwp%2Fv2%2Fmedia&parent=1208009"}],"wp:term":[{"taxonomy":"category","embeddable":true,"href":"https:\/\/madeiraisland.news\/index.php?rest_route=%2Fwp%2Fv2%2Fcategories&post=1208009"},{"taxonomy":"post_tag","embeddable":true,"href":"https:\/\/madeiraisland.news\/index.php?rest_route=%2Fwp%2Fv2%2Ftags&post=1208009"}],"curies":[{"name":"wp","href":"https:\/\/api.w.org\/{rel}","templated":true}]}}