{"id":1208004,"date":"2026-08-28T13:08:04","date_gmt":"2026-08-28T13:08:04","guid":{"rendered":"https:\/\/madeiraisland.news\/?p=1208004"},"modified":"2026-08-28T13:16:12","modified_gmt":"2026-08-28T13:16:12","slug":"o-nepal-colapso-de-glaciar-o-aquecimento-global-e-o-homem","status":"publish","type":"post","link":"https:\/\/madeiraisland.news\/?p=1208004","title":{"rendered":"O Nepal, Colapso de Glaciar, o Aquecimento Global e o Homem"},"content":{"rendered":"<p>Texto de Jo\u00e3o Mata(*) Come\u00e7a a ser consensual que a trag\u00e9dia que a 26 de agosto de 2026 atingiu o Nepal, teve origem no colapso de um glaciar, o que, segundo os Servi\u00e7os Geol\u00f3gicos Americanos (USGS) ter\u00e1 provocado um sinal id\u00eantico a sismo de M 5.2. Foi, portanto, o colapso glaciar que induziu o referido [\u2026]<\/p>\n","protected":false},"excerpt":{"rendered":"<p>Texto de Jo\u00e3o Mata(*) Come\u00e7a a ser consensual que a trag\u00e9dia que a 26 de agosto de 2026 atingiu o &#8230; <\/p>\n<p class=\"read-more-container\"><a title=\"O Nepal, Colapso de Glaciar, o Aquecimento Global e o Homem\" class=\"read-more button\" href=\"https:\/\/madeiraisland.news\/?p=1208004#more-1208004\" aria-label=\"Read more about O Nepal, Colapso de Glaciar, o Aquecimento Global e o Homem\">Read more<\/a><\/p>\n","protected":false},"author":260,"featured_media":0,"comment_status":"open","ping_status":"","sticky":false,"template":"","format":"standard","meta":{"footnotes":""},"categories":[19],"tags":[],"class_list":["post-1208004","post","type-post","status-publish","format-standard","hentry","category-madeira-island-news","infinite-scroll-item","masonry-post","generate-columns","tablet-grid-50","mobile-grid-100","grid-parent","grid-33"],"_links":{"self":[{"href":"https:\/\/madeiraisland.news\/index.php?rest_route=\/wp\/v2\/posts\/1208004","targetHints":{"allow":["GET"]}}],"collection":[{"href":"https:\/\/madeiraisland.news\/index.php?rest_route=\/wp\/v2\/posts"}],"about":[{"href":"https:\/\/madeiraisland.news\/index.php?rest_route=\/wp\/v2\/types\/post"}],"author":[{"embeddable":true,"href":"https:\/\/madeiraisland.news\/index.php?rest_route=\/wp\/v2\/users\/260"}],"replies":[{"embeddable":true,"href":"https:\/\/madeiraisland.news\/index.php?rest_route=%2Fwp%2Fv2%2Fcomments&post=1208004"}],"version-history":[{"count":1,"href":"https:\/\/madeiraisland.news\/index.php?rest_route=\/wp\/v2\/posts\/1208004\/revisions"}],"predecessor-version":[{"id":1208005,"href":"https:\/\/madeiraisland.news\/index.php?rest_route=\/wp\/v2\/posts\/1208004\/revisions\/1208005"}],"wp:attachment":[{"href":"https:\/\/madeiraisland.news\/index.php?rest_route=%2Fwp%2Fv2%2Fmedia&parent=1208004"}],"wp:term":[{"taxonomy":"category","embeddable":true,"href":"https:\/\/madeiraisland.news\/index.php?rest_route=%2Fwp%2Fv2%2Fcategories&post=1208004"},{"taxonomy":"post_tag","embeddable":true,"href":"https:\/\/madeiraisland.news\/index.php?rest_route=%2Fwp%2Fv2%2Ftags&post=1208004"}],"curies":[{"name":"wp","href":"https:\/\/api.w.org\/{rel}","templated":true}]}}