{"id":1208000,"date":"2026-08-28T11:18:19","date_gmt":"2026-08-28T11:18:19","guid":{"rendered":"https:\/\/madeiraisland.news\/?p=1208000"},"modified":"2026-08-28T11:29:59","modified_gmt":"2026-08-28T11:29:59","slug":"madeira-registou-62-acidentes-numa-semana","status":"publish","type":"post","link":"https:\/\/madeiraisland.news\/?p=1208000","title":{"rendered":"Madeira registou 62 acidentes numa semana"},"content":{"rendered":"<p>As estradas da Madeira e do Porto Santo registaram 62 acidentes entre 21 e 27 de Agosto, dos quais resultaram 19 feridos ligeiros. Apesar do n\u00famero elevado de ocorr\u00eancias, a semana terminou sem v\u00edtimas mortais ou feridos graves, segundo os dados provis\u00f3rios divulgados pelo Comando Regional da PSP.<br \/>\nO Funchal concentrou praticamente um ter\u00e7o de toda a sinistralidade, com 20 acidentes e cinco feridos ligeiros. Seguiram-se Santa Cruz, com dez acidentes e um ferido, e Machico, onde foram contabilizad<\/p>\n","protected":false},"excerpt":{"rendered":"<p>As estradas da Madeira e do Porto Santo registaram 62 acidentes entre 21 e 27 de Agosto, dos quais resultaram &#8230; <\/p>\n<p class=\"read-more-container\"><a title=\"Madeira registou 62 acidentes numa semana\" class=\"read-more button\" href=\"https:\/\/madeiraisland.news\/?p=1208000#more-1208000\" aria-label=\"Read more about Madeira registou 62 acidentes numa semana\">Read more<\/a><\/p>\n","protected":false},"author":284,"featured_media":0,"comment_status":"open","ping_status":"","sticky":false,"template":"","format":"standard","meta":{"footnotes":""},"categories":[19],"tags":[],"class_list":["post-1208000","post","type-post","status-publish","format-standard","hentry","category-madeira-island-news","infinite-scroll-item","masonry-post","generate-columns","tablet-grid-50","mobile-grid-100","grid-parent","grid-33"],"_links":{"self":[{"href":"https:\/\/madeiraisland.news\/index.php?rest_route=\/wp\/v2\/posts\/1208000","targetHints":{"allow":["GET"]}}],"collection":[{"href":"https:\/\/madeiraisland.news\/index.php?rest_route=\/wp\/v2\/posts"}],"about":[{"href":"https:\/\/madeiraisland.news\/index.php?rest_route=\/wp\/v2\/types\/post"}],"author":[{"embeddable":true,"href":"https:\/\/madeiraisland.news\/index.php?rest_route=\/wp\/v2\/users\/284"}],"replies":[{"embeddable":true,"href":"https:\/\/madeiraisland.news\/index.php?rest_route=%2Fwp%2Fv2%2Fcomments&post=1208000"}],"version-history":[{"count":1,"href":"https:\/\/madeiraisland.news\/index.php?rest_route=\/wp\/v2\/posts\/1208000\/revisions"}],"predecessor-version":[{"id":1208001,"href":"https:\/\/madeiraisland.news\/index.php?rest_route=\/wp\/v2\/posts\/1208000\/revisions\/1208001"}],"wp:attachment":[{"href":"https:\/\/madeiraisland.news\/index.php?rest_route=%2Fwp%2Fv2%2Fmedia&parent=1208000"}],"wp:term":[{"taxonomy":"category","embeddable":true,"href":"https:\/\/madeiraisland.news\/index.php?rest_route=%2Fwp%2Fv2%2Fcategories&post=1208000"},{"taxonomy":"post_tag","embeddable":true,"href":"https:\/\/madeiraisland.news\/index.php?rest_route=%2Fwp%2Fv2%2Ftags&post=1208000"}],"curies":[{"name":"wp","href":"https:\/\/api.w.org\/{rel}","templated":true}]}}