{"id":1207998,"date":"2026-08-28T10:16:20","date_gmt":"2026-08-28T10:16:20","guid":{"rendered":"https:\/\/madeiraisland.news\/?p=1207998"},"modified":"2026-08-28T10:30:22","modified_gmt":"2026-08-28T10:30:22","slug":"turista-cazaque-resgatado-esta-manha-no-pico-ruivo","status":"publish","type":"post","link":"https:\/\/madeiraisland.news\/?p=1207998","title":{"rendered":"Turista cazaque resgatado esta manh\u00e3 no Pico Ruivo"},"content":{"rendered":"<p>O turista cazaque que ontem sofreu uma queda numa vereda de acesso ao Pico Ruivo, no concelho de Santana, foi resgatado esta manh\u00e3, depois de uma opera\u00e7\u00e3o que se prolongou durante v\u00e1rias horas.<br \/>\nRefer\u00eancia ao link: https:\/\/www.dnoticias.pt\/2026\/8\/27\/503590-turista-sofre-queda-em-vereda-e-operacao-de-resgate-vai-durar-varias-horas\/<br \/>\nRefer\u00eancia ao link: https:\/\/www.dnoticias.pt\/2026\/8\/27\/503618-helicoptero-nao-conseguiu-resgatar-turista-no-pico-ruivo\/<br \/>\nSegundo informa\u00e7\u00e3o recolhida pelo DI\u00c1RIO, o resg<\/p>\n","protected":false},"excerpt":{"rendered":"<p>O turista cazaque que ontem sofreu uma queda numa vereda de acesso ao Pico Ruivo, no concelho de Santana, foi &#8230; <\/p>\n<p class=\"read-more-container\"><a title=\"Turista cazaque resgatado esta manh\u00e3 no Pico Ruivo\" class=\"read-more button\" href=\"https:\/\/madeiraisland.news\/?p=1207998#more-1207998\" aria-label=\"Read more about Turista cazaque resgatado esta manh\u00e3 no Pico Ruivo\">Read more<\/a><\/p>\n","protected":false},"author":284,"featured_media":0,"comment_status":"open","ping_status":"","sticky":false,"template":"","format":"standard","meta":{"footnotes":""},"categories":[19],"tags":[],"class_list":["post-1207998","post","type-post","status-publish","format-standard","hentry","category-madeira-island-news","infinite-scroll-item","masonry-post","generate-columns","tablet-grid-50","mobile-grid-100","grid-parent","grid-33"],"_links":{"self":[{"href":"https:\/\/madeiraisland.news\/index.php?rest_route=\/wp\/v2\/posts\/1207998","targetHints":{"allow":["GET"]}}],"collection":[{"href":"https:\/\/madeiraisland.news\/index.php?rest_route=\/wp\/v2\/posts"}],"about":[{"href":"https:\/\/madeiraisland.news\/index.php?rest_route=\/wp\/v2\/types\/post"}],"author":[{"embeddable":true,"href":"https:\/\/madeiraisland.news\/index.php?rest_route=\/wp\/v2\/users\/284"}],"replies":[{"embeddable":true,"href":"https:\/\/madeiraisland.news\/index.php?rest_route=%2Fwp%2Fv2%2Fcomments&post=1207998"}],"version-history":[{"count":1,"href":"https:\/\/madeiraisland.news\/index.php?rest_route=\/wp\/v2\/posts\/1207998\/revisions"}],"predecessor-version":[{"id":1207999,"href":"https:\/\/madeiraisland.news\/index.php?rest_route=\/wp\/v2\/posts\/1207998\/revisions\/1207999"}],"wp:attachment":[{"href":"https:\/\/madeiraisland.news\/index.php?rest_route=%2Fwp%2Fv2%2Fmedia&parent=1207998"}],"wp:term":[{"taxonomy":"category","embeddable":true,"href":"https:\/\/madeiraisland.news\/index.php?rest_route=%2Fwp%2Fv2%2Fcategories&post=1207998"},{"taxonomy":"post_tag","embeddable":true,"href":"https:\/\/madeiraisland.news\/index.php?rest_route=%2Fwp%2Fv2%2Ftags&post=1207998"}],"curies":[{"name":"wp","href":"https:\/\/api.w.org\/{rel}","templated":true}]}}