{"id":1207993,"date":"2026-08-28T07:37:44","date_gmt":"2026-08-28T07:37:44","guid":{"rendered":"https:\/\/madeiraisland.news\/?p=1207993"},"modified":"2026-08-28T07:53:13","modified_gmt":"2026-08-28T07:53:13","slug":"colisao-entre-mota-e-automovel-fere-jovem","status":"publish","type":"post","link":"https:\/\/madeiraisland.news\/?p=1207993","title":{"rendered":"Colis\u00e3o entre mota e autom\u00f3vel fere jovem"},"content":{"rendered":"<p>Uma colis\u00e3o entre uma mota e um autom\u00f3vel, ocorrida ontem, pelas 19 horas, no Caminho do Palheiro, provocou ferimentos num jovem de 21 anos. Os Bombeiros Volunt\u00e1rios Madeirenses estiveram no local para prestar socorro \u00e0 v\u00edtima.<\/p>\n","protected":false},"excerpt":{"rendered":"<p>Uma colis\u00e3o entre uma mota e um autom\u00f3vel, ocorrida ontem, pelas 19 horas, no Caminho do Palheiro, provocou ferimentos num &#8230; <\/p>\n<p class=\"read-more-container\"><a title=\"Colis\u00e3o entre mota e autom\u00f3vel fere jovem\" class=\"read-more button\" href=\"https:\/\/madeiraisland.news\/?p=1207993#more-1207993\" aria-label=\"Read more about Colis\u00e3o entre mota e autom\u00f3vel fere jovem\">Read more<\/a><\/p>\n","protected":false},"author":23,"featured_media":0,"comment_status":"open","ping_status":"","sticky":false,"template":"","format":"standard","meta":{"footnotes":""},"categories":[19],"tags":[],"class_list":["post-1207993","post","type-post","status-publish","format-standard","hentry","category-madeira-island-news","infinite-scroll-item","masonry-post","generate-columns","tablet-grid-50","mobile-grid-100","grid-parent","grid-33"],"_links":{"self":[{"href":"https:\/\/madeiraisland.news\/index.php?rest_route=\/wp\/v2\/posts\/1207993","targetHints":{"allow":["GET"]}}],"collection":[{"href":"https:\/\/madeiraisland.news\/index.php?rest_route=\/wp\/v2\/posts"}],"about":[{"href":"https:\/\/madeiraisland.news\/index.php?rest_route=\/wp\/v2\/types\/post"}],"author":[{"embeddable":true,"href":"https:\/\/madeiraisland.news\/index.php?rest_route=\/wp\/v2\/users\/23"}],"replies":[{"embeddable":true,"href":"https:\/\/madeiraisland.news\/index.php?rest_route=%2Fwp%2Fv2%2Fcomments&post=1207993"}],"version-history":[{"count":1,"href":"https:\/\/madeiraisland.news\/index.php?rest_route=\/wp\/v2\/posts\/1207993\/revisions"}],"predecessor-version":[{"id":1207994,"href":"https:\/\/madeiraisland.news\/index.php?rest_route=\/wp\/v2\/posts\/1207993\/revisions\/1207994"}],"wp:attachment":[{"href":"https:\/\/madeiraisland.news\/index.php?rest_route=%2Fwp%2Fv2%2Fmedia&parent=1207993"}],"wp:term":[{"taxonomy":"category","embeddable":true,"href":"https:\/\/madeiraisland.news\/index.php?rest_route=%2Fwp%2Fv2%2Fcategories&post=1207993"},{"taxonomy":"post_tag","embeddable":true,"href":"https:\/\/madeiraisland.news\/index.php?rest_route=%2Fwp%2Fv2%2Ftags&post=1207993"}],"curies":[{"name":"wp","href":"https:\/\/api.w.org\/{rel}","templated":true}]}}