{"id":1207991,"date":"2026-08-28T07:42:13","date_gmt":"2026-08-28T07:42:13","guid":{"rendered":"https:\/\/madeiraisland.news\/?p=1207991"},"modified":"2026-08-28T07:53:13","modified_gmt":"2026-08-28T07:53:13","slug":"jovem-ferido-em-acidente-de-trabalho","status":"publish","type":"post","link":"https:\/\/madeiraisland.news\/?p=1207991","title":{"rendered":"Jovem ferido em acidente de trabalho"},"content":{"rendered":"<p>Um acidente de trabalho, ocorrido ontem, por volta das 18 horas, numa cadeia de supermercados situada no Plaza Madeira, feriu um jovem de 21 anos.<br \/>\nOs Bombeiros Volunt\u00e1rios Madeirenses estiveram no local para prestar socorro \u00e0 v\u00edtima.<\/p>\n","protected":false},"excerpt":{"rendered":"<p>Um acidente de trabalho, ocorrido ontem, por volta das 18 horas, numa cadeia de supermercados situada no Plaza Madeira, feriu &#8230; <\/p>\n<p class=\"read-more-container\"><a title=\"Jovem ferido em acidente de trabalho\" class=\"read-more button\" href=\"https:\/\/madeiraisland.news\/?p=1207991#more-1207991\" aria-label=\"Read more about Jovem ferido em acidente de trabalho\">Read more<\/a><\/p>\n","protected":false},"author":23,"featured_media":0,"comment_status":"open","ping_status":"","sticky":false,"template":"","format":"standard","meta":{"footnotes":""},"categories":[19],"tags":[],"class_list":["post-1207991","post","type-post","status-publish","format-standard","hentry","category-madeira-island-news","infinite-scroll-item","masonry-post","generate-columns","tablet-grid-50","mobile-grid-100","grid-parent","grid-33"],"_links":{"self":[{"href":"https:\/\/madeiraisland.news\/index.php?rest_route=\/wp\/v2\/posts\/1207991","targetHints":{"allow":["GET"]}}],"collection":[{"href":"https:\/\/madeiraisland.news\/index.php?rest_route=\/wp\/v2\/posts"}],"about":[{"href":"https:\/\/madeiraisland.news\/index.php?rest_route=\/wp\/v2\/types\/post"}],"author":[{"embeddable":true,"href":"https:\/\/madeiraisland.news\/index.php?rest_route=\/wp\/v2\/users\/23"}],"replies":[{"embeddable":true,"href":"https:\/\/madeiraisland.news\/index.php?rest_route=%2Fwp%2Fv2%2Fcomments&post=1207991"}],"version-history":[{"count":1,"href":"https:\/\/madeiraisland.news\/index.php?rest_route=\/wp\/v2\/posts\/1207991\/revisions"}],"predecessor-version":[{"id":1207992,"href":"https:\/\/madeiraisland.news\/index.php?rest_route=\/wp\/v2\/posts\/1207991\/revisions\/1207992"}],"wp:attachment":[{"href":"https:\/\/madeiraisland.news\/index.php?rest_route=%2Fwp%2Fv2%2Fmedia&parent=1207991"}],"wp:term":[{"taxonomy":"category","embeddable":true,"href":"https:\/\/madeiraisland.news\/index.php?rest_route=%2Fwp%2Fv2%2Fcategories&post=1207991"},{"taxonomy":"post_tag","embeddable":true,"href":"https:\/\/madeiraisland.news\/index.php?rest_route=%2Fwp%2Fv2%2Ftags&post=1207991"}],"curies":[{"name":"wp","href":"https:\/\/api.w.org\/{rel}","templated":true}]}}