{"id":1195215,"date":"2026-05-03T11:25:15","date_gmt":"2026-05-03T11:25:15","guid":{"rendered":"https:\/\/madeiraisland.news\/?p=1195215"},"modified":"2026-05-03T11:30:04","modified_gmt":"2026-05-03T11:30:04","slug":"presidente-sauda-gnr-pelos-115-anos-de-existencia-e-condena-agressoes-a-militares","status":"publish","type":"post","link":"https:\/\/madeiraisland.news\/?p=1195215","title":{"rendered":"Presidente sa\u00fada GNR pelos 115 anos de exist\u00eancia e condena agress\u00f5es a militares"},"content":{"rendered":"<p>O Presidente da Rep\u00fablica saudou hoje o esfor\u00e7o no cumprimento da miss\u00e3o da GNR que celebra 115 anos de exist\u00eancia e condenou as agress\u00f5es a militares da GNR, referindo que s\u00e3o sinais de eros\u00e3o numa sociedade democr\u00e1tica.<br \/>\nAnt\u00f3nio Jos\u00e9 Seguro, que discursou na cerim\u00f3nia que assinala hoje, no Porto, os 115 anos de exist\u00eancia da GNR, dirigiu-se aos militares valorizando a forma como garantem a seguran\u00e7a nacional, designadamente nos inc\u00eandios de agosto do ano passado, e lembrou que a exist\u00eancia de a<\/p>\n","protected":false},"excerpt":{"rendered":"<p>O Presidente da Rep\u00fablica saudou hoje o esfor\u00e7o no cumprimento da miss\u00e3o da GNR que celebra 115 anos de exist\u00eancia e condenou as agress\u00f5es a militares da GNR, referindo que s\u00e3o sinais de eros\u00e3o numa<\/p>\n","protected":false},"author":5,"featured_media":0,"comment_status":"open","ping_status":"","sticky":false,"template":"","format":"standard","meta":{"footnotes":""},"categories":[19],"tags":[],"class_list":["post-1195215","post","type-post","status-publish","format-standard","hentry","category-madeira-island-news","infinite-scroll-item","masonry-post","generate-columns","tablet-grid-50","mobile-grid-100","grid-parent","grid-33"],"_links":{"self":[{"href":"https:\/\/madeiraisland.news\/index.php?rest_route=\/wp\/v2\/posts\/1195215","targetHints":{"allow":["GET"]}}],"collection":[{"href":"https:\/\/madeiraisland.news\/index.php?rest_route=\/wp\/v2\/posts"}],"about":[{"href":"https:\/\/madeiraisland.news\/index.php?rest_route=\/wp\/v2\/types\/post"}],"author":[{"embeddable":true,"href":"https:\/\/madeiraisland.news\/index.php?rest_route=\/wp\/v2\/users\/5"}],"replies":[{"embeddable":true,"href":"https:\/\/madeiraisland.news\/index.php?rest_route=%2Fwp%2Fv2%2Fcomments&post=1195215"}],"version-history":[{"count":2,"href":"https:\/\/madeiraisland.news\/index.php?rest_route=\/wp\/v2\/posts\/1195215\/revisions"}],"predecessor-version":[{"id":1195217,"href":"https:\/\/madeiraisland.news\/index.php?rest_route=\/wp\/v2\/posts\/1195215\/revisions\/1195217"}],"wp:attachment":[{"href":"https:\/\/madeiraisland.news\/index.php?rest_route=%2Fwp%2Fv2%2Fmedia&parent=1195215"}],"wp:term":[{"taxonomy":"category","embeddable":true,"href":"https:\/\/madeiraisland.news\/index.php?rest_route=%2Fwp%2Fv2%2Fcategories&post=1195215"},{"taxonomy":"post_tag","embeddable":true,"href":"https:\/\/madeiraisland.news\/index.php?rest_route=%2Fwp%2Fv2%2Ftags&post=1195215"}],"curies":[{"name":"wp","href":"https:\/\/api.w.org\/{rel}","templated":true}]}}