{"id":1195213,"date":"2026-05-03T11:27:17","date_gmt":"2026-05-03T11:27:17","guid":{"rendered":"https:\/\/madeiraisland.news\/?p=1195213"},"modified":"2026-05-03T11:30:02","modified_gmt":"2026-05-03T11:30:02","slug":"costa-sul-regioes-montanhosas-da-madeira-e-porto-santo-sob-aviso-amarelo-para-chuva","status":"publish","type":"post","link":"https:\/\/madeiraisland.news\/?p=1195213","title":{"rendered":"Costa sul, regi\u00f5es montanhosas da Madeira e Porto Santo sob aviso amarelo para chuva"},"content":{"rendered":"<p>O Instituto Portugu\u00eas do Mar e da Atmosfera (IPMA) colocou a costa sul, as regi\u00f5es montanhosas da Madeira e a ilha do Porto Santo sob aviso amarelo devido \u00e0 previs\u00e3o de precipita\u00e7\u00e3o persistente e por vezes forte.\u00a0<br \/>\nDe acordo com a informa\u00e7\u00e3o disponibilizada, o aviso entra em vigor \u00e0s 3 horas da madrugada e prolonga-se at\u00e9 \u00e0s 21 horas\u00a0(hora UTC) de ter\u00e7a-feira, dia 5 de Maio.<br \/>\nSegundo o IPMA, s\u00e3o esperados per\u00edodos de chuva persistente ao longo do dia, podendo intensificar-se em alguns momentos.<br \/>\nO <\/p>\n","protected":false},"excerpt":{"rendered":"<p>O Instituto Portugu\u00eas do Mar e da Atmosfera (IPMA) colocou a costa sul, as regi\u00f5es montanhosas da Madeira e a &#8230; <\/p>\n<p class=\"read-more-container\"><a title=\"Costa sul, regi\u00f5es montanhosas da Madeira e Porto Santo sob aviso amarelo para chuva\" class=\"read-more button\" href=\"https:\/\/madeiraisland.news\/?p=1195213#more-1195213\" aria-label=\"Read more about Costa sul, regi\u00f5es montanhosas da Madeira e Porto Santo sob aviso amarelo para chuva\">Read more<\/a><\/p>\n","protected":false},"author":20,"featured_media":0,"comment_status":"open","ping_status":"","sticky":false,"template":"","format":"standard","meta":{"footnotes":""},"categories":[19],"tags":[],"class_list":["post-1195213","post","type-post","status-publish","format-standard","hentry","category-madeira-island-news","infinite-scroll-item","masonry-post","generate-columns","tablet-grid-50","mobile-grid-100","grid-parent","grid-33"],"_links":{"self":[{"href":"https:\/\/madeiraisland.news\/index.php?rest_route=\/wp\/v2\/posts\/1195213","targetHints":{"allow":["GET"]}}],"collection":[{"href":"https:\/\/madeiraisland.news\/index.php?rest_route=\/wp\/v2\/posts"}],"about":[{"href":"https:\/\/madeiraisland.news\/index.php?rest_route=\/wp\/v2\/types\/post"}],"author":[{"embeddable":true,"href":"https:\/\/madeiraisland.news\/index.php?rest_route=\/wp\/v2\/users\/20"}],"replies":[{"embeddable":true,"href":"https:\/\/madeiraisland.news\/index.php?rest_route=%2Fwp%2Fv2%2Fcomments&post=1195213"}],"version-history":[{"count":1,"href":"https:\/\/madeiraisland.news\/index.php?rest_route=\/wp\/v2\/posts\/1195213\/revisions"}],"predecessor-version":[{"id":1195214,"href":"https:\/\/madeiraisland.news\/index.php?rest_route=\/wp\/v2\/posts\/1195213\/revisions\/1195214"}],"wp:attachment":[{"href":"https:\/\/madeiraisland.news\/index.php?rest_route=%2Fwp%2Fv2%2Fmedia&parent=1195213"}],"wp:term":[{"taxonomy":"category","embeddable":true,"href":"https:\/\/madeiraisland.news\/index.php?rest_route=%2Fwp%2Fv2%2Fcategories&post=1195213"},{"taxonomy":"post_tag","embeddable":true,"href":"https:\/\/madeiraisland.news\/index.php?rest_route=%2Fwp%2Fv2%2Ftags&post=1195213"}],"curies":[{"name":"wp","href":"https:\/\/api.w.org\/{rel}","templated":true}]}}