{"id":1195211,"date":"2026-05-03T10:21:31","date_gmt":"2026-05-03T10:21:31","guid":{"rendered":"https:\/\/madeiraisland.news\/?p=1195211"},"modified":"2026-05-03T10:35:53","modified_gmt":"2026-05-03T10:35:53","slug":"acidente-na-via-rapida-no-tunel-da-quinta-grande","status":"publish","type":"post","link":"https:\/\/madeiraisland.news\/?p=1195211","title":{"rendered":"Acidente na via r\u00e1pida no T\u00fanel da Quinta Grande"},"content":{"rendered":"<p>Ocorreu, h\u00e1 pouco, um acidente, a envolver dois ve\u00edculos ligeiros, na via r\u00e1pida no interior do T\u00fanel da Quinta Grande, em C\u00e2mara de Lobos, no sentido Ribeira Brava &#8211; Machico.\u00a0<br \/>\nDe acordo com a informa\u00e7\u00e3o dispon\u00edvel na aplica\u00e7\u00e3o InfoVias, o tr\u00e2nsito j\u00e1 atinge uma extens\u00e3o superior a 1 quil\u00f3metro.\u00a0<br \/>\nNo local encontra-se a ViaLitoral, assim como a Pol\u00edcia de Seguran\u00e7a P\u00fablica.<br \/>\n0. O sinistro est\u00e1 a causar filas superiores a 1 quil\u00f3metro &#8211; Foto ViaLitoral<\/p>\n","protected":false},"excerpt":{"rendered":"<p>Ocorreu, h\u00e1 pouco, um acidente, a envolver dois ve\u00edculos ligeiros, na via r\u00e1pida no interior do T\u00fanel da Quinta Grande, &#8230; <\/p>\n<p class=\"read-more-container\"><a title=\"Acidente na via r\u00e1pida no T\u00fanel da Quinta Grande\" class=\"read-more button\" href=\"https:\/\/madeiraisland.news\/?p=1195211#more-1195211\" aria-label=\"Read more about Acidente na via r\u00e1pida no T\u00fanel da Quinta Grande\">Read more<\/a><\/p>\n","protected":false},"author":20,"featured_media":0,"comment_status":"open","ping_status":"","sticky":false,"template":"","format":"standard","meta":{"footnotes":""},"categories":[19],"tags":[],"class_list":["post-1195211","post","type-post","status-publish","format-standard","hentry","category-madeira-island-news","infinite-scroll-item","masonry-post","generate-columns","tablet-grid-50","mobile-grid-100","grid-parent","grid-33"],"_links":{"self":[{"href":"https:\/\/madeiraisland.news\/index.php?rest_route=\/wp\/v2\/posts\/1195211","targetHints":{"allow":["GET"]}}],"collection":[{"href":"https:\/\/madeiraisland.news\/index.php?rest_route=\/wp\/v2\/posts"}],"about":[{"href":"https:\/\/madeiraisland.news\/index.php?rest_route=\/wp\/v2\/types\/post"}],"author":[{"embeddable":true,"href":"https:\/\/madeiraisland.news\/index.php?rest_route=\/wp\/v2\/users\/20"}],"replies":[{"embeddable":true,"href":"https:\/\/madeiraisland.news\/index.php?rest_route=%2Fwp%2Fv2%2Fcomments&post=1195211"}],"version-history":[{"count":1,"href":"https:\/\/madeiraisland.news\/index.php?rest_route=\/wp\/v2\/posts\/1195211\/revisions"}],"predecessor-version":[{"id":1195212,"href":"https:\/\/madeiraisland.news\/index.php?rest_route=\/wp\/v2\/posts\/1195211\/revisions\/1195212"}],"wp:attachment":[{"href":"https:\/\/madeiraisland.news\/index.php?rest_route=%2Fwp%2Fv2%2Fmedia&parent=1195211"}],"wp:term":[{"taxonomy":"category","embeddable":true,"href":"https:\/\/madeiraisland.news\/index.php?rest_route=%2Fwp%2Fv2%2Fcategories&post=1195211"},{"taxonomy":"post_tag","embeddable":true,"href":"https:\/\/madeiraisland.news\/index.php?rest_route=%2Fwp%2Fv2%2Ftags&post=1195211"}],"curies":[{"name":"wp","href":"https:\/\/api.w.org\/{rel}","templated":true}]}}