{"id":1195208,"date":"2026-05-03T09:43:01","date_gmt":"2026-05-03T09:43:01","guid":{"rendered":"https:\/\/madeiraisland.news\/?p=1195208"},"modified":"2026-05-03T09:51:28","modified_gmt":"2026-05-03T09:51:28","slug":"antigo-locutor-de-radio-candido-mota-morre-aos-82-anos","status":"publish","type":"post","link":"https:\/\/madeiraisland.news\/?p=1195208","title":{"rendered":"Antigo locutor de r\u00e1dio C\u00e2ndido Mota morre aos 82 anos"},"content":{"rendered":"<p>O antigo locutor de r\u00e1dio C\u00e2ndido Mota morreu hoje de madrugada, aos 82 anos, no Hospital de Santa Maria, em Lisboa, onde estava internado, disse \u00e0 Lusa fonte familiar.<br \/>\nC\u00e2ndido Mota, que estava doente h\u00e1 algum tempo, morreu &#8220;sem sofrimento, rodeado da fam\u00edlia e amigos pr\u00f3ximos&#8221;, acrescentou Teresa Mota, filha do apresentador.<\/p>\n","protected":false},"excerpt":{"rendered":"<p>O antigo locutor de r\u00e1dio C\u00e2ndido Mota morreu hoje de madrugada, aos 82 anos, no Hospital de Santa Maria, em Lisboa, onde estava internado, disse \u00e0 Lusa fonte familiar. C\u00e2ndido Mota, que estava doente h\u00e1<\/p>\n","protected":false},"author":5,"featured_media":0,"comment_status":"open","ping_status":"","sticky":false,"template":"","format":"standard","meta":{"footnotes":""},"categories":[19],"tags":[],"class_list":["post-1195208","post","type-post","status-publish","format-standard","hentry","category-madeira-island-news","infinite-scroll-item","masonry-post","generate-columns","tablet-grid-50","mobile-grid-100","grid-parent","grid-33"],"_links":{"self":[{"href":"https:\/\/madeiraisland.news\/index.php?rest_route=\/wp\/v2\/posts\/1195208","targetHints":{"allow":["GET"]}}],"collection":[{"href":"https:\/\/madeiraisland.news\/index.php?rest_route=\/wp\/v2\/posts"}],"about":[{"href":"https:\/\/madeiraisland.news\/index.php?rest_route=\/wp\/v2\/types\/post"}],"author":[{"embeddable":true,"href":"https:\/\/madeiraisland.news\/index.php?rest_route=\/wp\/v2\/users\/5"}],"replies":[{"embeddable":true,"href":"https:\/\/madeiraisland.news\/index.php?rest_route=%2Fwp%2Fv2%2Fcomments&post=1195208"}],"version-history":[{"count":2,"href":"https:\/\/madeiraisland.news\/index.php?rest_route=\/wp\/v2\/posts\/1195208\/revisions"}],"predecessor-version":[{"id":1195210,"href":"https:\/\/madeiraisland.news\/index.php?rest_route=\/wp\/v2\/posts\/1195208\/revisions\/1195210"}],"wp:attachment":[{"href":"https:\/\/madeiraisland.news\/index.php?rest_route=%2Fwp%2Fv2%2Fmedia&parent=1195208"}],"wp:term":[{"taxonomy":"category","embeddable":true,"href":"https:\/\/madeiraisland.news\/index.php?rest_route=%2Fwp%2Fv2%2Fcategories&post=1195208"},{"taxonomy":"post_tag","embeddable":true,"href":"https:\/\/madeiraisland.news\/index.php?rest_route=%2Fwp%2Fv2%2Ftags&post=1195208"}],"curies":[{"name":"wp","href":"https:\/\/api.w.org\/{rel}","templated":true}]}}