{"id":1195206,"date":"2026-05-03T09:23:22","date_gmt":"2026-05-03T09:23:22","guid":{"rendered":"https:\/\/madeiraisland.news\/?p=1195206"},"modified":"2026-05-03T09:40:29","modified_gmt":"2026-05-03T09:40:29","slug":"sanas-resgata-turista-ferido-na-ponta-de-sao-lourenco","status":"publish","type":"post","link":"https:\/\/madeiraisland.news\/?p=1195206","title":{"rendered":"SANAS resgata turista ferido na Ponta de S\u00e3o Louren\u00e7o"},"content":{"rendered":"<p>Ao final da tarde de s\u00e1bado, 2 de Maio, a embarca\u00e7\u00e3o de reserva da Esta\u00e7\u00e3o Salva-Vidas de Santa Cruz foi empenhada para efectuar o resgate de um homem, com cerca de 50 anos, de nacionalidade francesa, que apresentava um trauma no membro inferior direito ocorrido na Vereda da Ponta de S\u00e3o Louren\u00e7o.<br \/>\nO turista foi assistido\u00a0por uma equipa de bombeiros e, ap\u00f3s primeiros socorros, foi transbordado\u00a0na marina do Dreams Madeira Resort de onde seguiu em ambul\u00e2ncia para unidade de sa\u00fade.<br \/>\nEste foi um serv<\/p>\n","protected":false},"excerpt":{"rendered":"<p>Ao final da tarde de s\u00e1bado, 2 de Maio, a embarca\u00e7\u00e3o de reserva da Esta\u00e7\u00e3o Salva-Vidas de Santa Cruz foi &#8230; <\/p>\n<p class=\"read-more-container\"><a title=\"SANAS resgata turista ferido na Ponta de S\u00e3o Louren\u00e7o\" class=\"read-more button\" href=\"https:\/\/madeiraisland.news\/?p=1195206#more-1195206\" aria-label=\"Read more about SANAS resgata turista ferido na Ponta de S\u00e3o Louren\u00e7o\">Read more<\/a><\/p>\n","protected":false},"author":20,"featured_media":0,"comment_status":"open","ping_status":"","sticky":false,"template":"","format":"standard","meta":{"footnotes":""},"categories":[19],"tags":[],"class_list":["post-1195206","post","type-post","status-publish","format-standard","hentry","category-madeira-island-news","infinite-scroll-item","masonry-post","generate-columns","tablet-grid-50","mobile-grid-100","grid-parent","grid-33"],"_links":{"self":[{"href":"https:\/\/madeiraisland.news\/index.php?rest_route=\/wp\/v2\/posts\/1195206","targetHints":{"allow":["GET"]}}],"collection":[{"href":"https:\/\/madeiraisland.news\/index.php?rest_route=\/wp\/v2\/posts"}],"about":[{"href":"https:\/\/madeiraisland.news\/index.php?rest_route=\/wp\/v2\/types\/post"}],"author":[{"embeddable":true,"href":"https:\/\/madeiraisland.news\/index.php?rest_route=\/wp\/v2\/users\/20"}],"replies":[{"embeddable":true,"href":"https:\/\/madeiraisland.news\/index.php?rest_route=%2Fwp%2Fv2%2Fcomments&post=1195206"}],"version-history":[{"count":1,"href":"https:\/\/madeiraisland.news\/index.php?rest_route=\/wp\/v2\/posts\/1195206\/revisions"}],"predecessor-version":[{"id":1195207,"href":"https:\/\/madeiraisland.news\/index.php?rest_route=\/wp\/v2\/posts\/1195206\/revisions\/1195207"}],"wp:attachment":[{"href":"https:\/\/madeiraisland.news\/index.php?rest_route=%2Fwp%2Fv2%2Fmedia&parent=1195206"}],"wp:term":[{"taxonomy":"category","embeddable":true,"href":"https:\/\/madeiraisland.news\/index.php?rest_route=%2Fwp%2Fv2%2Fcategories&post=1195206"},{"taxonomy":"post_tag","embeddable":true,"href":"https:\/\/madeiraisland.news\/index.php?rest_route=%2Fwp%2Fv2%2Ftags&post=1195206"}],"curies":[{"name":"wp","href":"https:\/\/api.w.org\/{rel}","templated":true}]}}