{"id":1195204,"date":"2026-05-03T09:34:32","date_gmt":"2026-05-03T09:34:32","guid":{"rendered":"https:\/\/madeiraisland.news\/?p=1195204"},"modified":"2026-05-03T09:40:29","modified_gmt":"2026-05-03T09:40:29","slug":"carro-em-chamas-na-via-rapida","status":"publish","type":"post","link":"https:\/\/madeiraisland.news\/?p=1195204","title":{"rendered":"Carro em chamas na Via R\u00e1pida"},"content":{"rendered":"<p>Uma viatura ligeira incendiou-se, esta manh\u00e3, na via r\u00e1pida, perto do t\u00fanel Vera Cruz, no sentido Ribeira Brava &#8211; Funchal.<br \/>\nOs Bombeiros Volunt\u00e1rios de C\u00e2mara de Lobos foram accionados pelas 8h15 deste domingo, deslocando-se para o local com dois ve\u00edculos &#8211; um ligeiro e um pesado de combate a inc\u00eandios &#8211; e sete operacionais.\u00a0<br \/>\n\u00c0 chegada, elementos da corpora\u00e7\u00e3o, verificaram que o foco de inc\u00eandio concentrava-se na zona do motor.<br \/>\nO fogo foi extinto pelas 9 horas.\u00a0<br \/>\nN\u00e3o h\u00e1 registo de feridos.\u00a0<\/p>\n","protected":false},"excerpt":{"rendered":"<p>Uma viatura ligeira incendiou-se, esta manh\u00e3, na via r\u00e1pida, perto do t\u00fanel Vera Cruz, no sentido Ribeira Brava &#8211; Funchal. &#8230; <\/p>\n<p class=\"read-more-container\"><a title=\"Carro em chamas na Via R\u00e1pida\" class=\"read-more button\" href=\"https:\/\/madeiraisland.news\/?p=1195204#more-1195204\" aria-label=\"Read more about Carro em chamas na Via R\u00e1pida\">Read more<\/a><\/p>\n","protected":false},"author":20,"featured_media":0,"comment_status":"open","ping_status":"","sticky":false,"template":"","format":"standard","meta":{"footnotes":""},"categories":[19],"tags":[],"class_list":["post-1195204","post","type-post","status-publish","format-standard","hentry","category-madeira-island-news","infinite-scroll-item","masonry-post","generate-columns","tablet-grid-50","mobile-grid-100","grid-parent","grid-33"],"_links":{"self":[{"href":"https:\/\/madeiraisland.news\/index.php?rest_route=\/wp\/v2\/posts\/1195204","targetHints":{"allow":["GET"]}}],"collection":[{"href":"https:\/\/madeiraisland.news\/index.php?rest_route=\/wp\/v2\/posts"}],"about":[{"href":"https:\/\/madeiraisland.news\/index.php?rest_route=\/wp\/v2\/types\/post"}],"author":[{"embeddable":true,"href":"https:\/\/madeiraisland.news\/index.php?rest_route=\/wp\/v2\/users\/20"}],"replies":[{"embeddable":true,"href":"https:\/\/madeiraisland.news\/index.php?rest_route=%2Fwp%2Fv2%2Fcomments&post=1195204"}],"version-history":[{"count":1,"href":"https:\/\/madeiraisland.news\/index.php?rest_route=\/wp\/v2\/posts\/1195204\/revisions"}],"predecessor-version":[{"id":1195205,"href":"https:\/\/madeiraisland.news\/index.php?rest_route=\/wp\/v2\/posts\/1195204\/revisions\/1195205"}],"wp:attachment":[{"href":"https:\/\/madeiraisland.news\/index.php?rest_route=%2Fwp%2Fv2%2Fmedia&parent=1195204"}],"wp:term":[{"taxonomy":"category","embeddable":true,"href":"https:\/\/madeiraisland.news\/index.php?rest_route=%2Fwp%2Fv2%2Fcategories&post=1195204"},{"taxonomy":"post_tag","embeddable":true,"href":"https:\/\/madeiraisland.news\/index.php?rest_route=%2Fwp%2Fv2%2Ftags&post=1195204"}],"curies":[{"name":"wp","href":"https:\/\/api.w.org\/{rel}","templated":true}]}}