{"id":1195201,"date":"2026-05-03T09:10:42","date_gmt":"2026-05-03T09:10:42","guid":{"rendered":"https:\/\/madeiraisland.news\/?p=1195201"},"modified":"2026-05-03T09:21:49","modified_gmt":"2026-05-03T09:21:49","slug":"presidente-da-republica-alerta-para-ameaca-global-a-liberdade-de-imprensa","status":"publish","type":"post","link":"https:\/\/madeiraisland.news\/?p=1195201","title":{"rendered":"Presidente da Rep\u00fablica alerta para amea\u00e7a global \u00e0 liberdade de imprensa"},"content":{"rendered":"<p>O Presidente da Rep\u00fablica assinalou este domingo o Dia Mundial da Liberdade de Imprensa, defendendo o papel essencial de uma imprensa livre como pilar da democracia e alertando para o agravamento das amea\u00e7as \u00e0 atividade jornal\u00edstica a n\u00edvel global.<br \/>\nNuma nota divulgada pela presid\u00eancia, Ant\u00f3nio Jos\u00e9 Seguro afirma que &#8220;a liberdade \u00e9 o fundamento da democracia&#8221; e que a liberdade de imprensa constitui &#8220;uma das suas express\u00f5es mais exigentes&#8221;, porque &#8220;tem a obriga\u00e7\u00e3o de incomodar&#8221;.<br \/>\n&#8220;Uma imprensa livr<\/p>\n","protected":false},"excerpt":{"rendered":"<p>O Presidente da Rep\u00fablica assinalou este domingo o Dia Mundial da Liberdade de Imprensa, defendendo o papel essencial de uma imprensa livre como pilar da democracia e alertando para o agravamento das amea\u00e7as \u00e0 atividade<\/p>\n","protected":false},"author":5,"featured_media":0,"comment_status":"open","ping_status":"","sticky":false,"template":"","format":"standard","meta":{"footnotes":""},"categories":[19],"tags":[],"class_list":["post-1195201","post","type-post","status-publish","format-standard","hentry","category-madeira-island-news","infinite-scroll-item","masonry-post","generate-columns","tablet-grid-50","mobile-grid-100","grid-parent","grid-33"],"_links":{"self":[{"href":"https:\/\/madeiraisland.news\/index.php?rest_route=\/wp\/v2\/posts\/1195201","targetHints":{"allow":["GET"]}}],"collection":[{"href":"https:\/\/madeiraisland.news\/index.php?rest_route=\/wp\/v2\/posts"}],"about":[{"href":"https:\/\/madeiraisland.news\/index.php?rest_route=\/wp\/v2\/types\/post"}],"author":[{"embeddable":true,"href":"https:\/\/madeiraisland.news\/index.php?rest_route=\/wp\/v2\/users\/5"}],"replies":[{"embeddable":true,"href":"https:\/\/madeiraisland.news\/index.php?rest_route=%2Fwp%2Fv2%2Fcomments&post=1195201"}],"version-history":[{"count":2,"href":"https:\/\/madeiraisland.news\/index.php?rest_route=\/wp\/v2\/posts\/1195201\/revisions"}],"predecessor-version":[{"id":1195203,"href":"https:\/\/madeiraisland.news\/index.php?rest_route=\/wp\/v2\/posts\/1195201\/revisions\/1195203"}],"wp:attachment":[{"href":"https:\/\/madeiraisland.news\/index.php?rest_route=%2Fwp%2Fv2%2Fmedia&parent=1195201"}],"wp:term":[{"taxonomy":"category","embeddable":true,"href":"https:\/\/madeiraisland.news\/index.php?rest_route=%2Fwp%2Fv2%2Fcategories&post=1195201"},{"taxonomy":"post_tag","embeddable":true,"href":"https:\/\/madeiraisland.news\/index.php?rest_route=%2Fwp%2Fv2%2Ftags&post=1195201"}],"curies":[{"name":"wp","href":"https:\/\/api.w.org\/{rel}","templated":true}]}}