{"id":1195199,"date":"2026-05-03T09:04:13","date_gmt":"2026-05-03T09:04:13","guid":{"rendered":"https:\/\/madeiraisland.news\/?p=1195199"},"modified":"2026-05-03T09:21:48","modified_gmt":"2026-05-03T09:21:48","slug":"gasoleo-desce-e-gasolina-sobe-de-preco-na-madeira-esta-segunda-feira-04-05-a-10-05-2026","status":"publish","type":"post","link":"https:\/\/madeiraisland.news\/?p=1195199","title":{"rendered":"Gas\u00f3leo desce e gasolina sobe de pre\u00e7o na Madeira esta segunda-feira (04\/05 a 10\/05\/2026)"},"content":{"rendered":"<p>A partir da 00h00 desta segunda-feira, dia 04 de maio, s\u00e3o estes os pre\u00e7os dos combust\u00edveis a vigorar na Madeira: Gasolina super sem chumbo IO 95: \u20ac1,790 (\u20ac1,767 por litro esta semana). Gas\u00f3leo Rodovi\u00e1rio: \u20ac1,808 (\u20ac1,834 por litro esta semana). \u00c9 o que resulta do despacho conjunto publicado sexta-feira no JORAM.<\/p>\n","protected":false},"excerpt":{"rendered":"<p>A partir da 00h00 desta segunda-feira, dia 04 de maio, s\u00e3o estes os pre\u00e7os dos combust\u00edveis a vigorar na Madeira: &#8230; <\/p>\n<p class=\"read-more-container\"><a title=\"Gas\u00f3leo desce e gasolina sobe de pre\u00e7o na Madeira esta segunda-feira (04\/05 a 10\/05\/2026)\" class=\"read-more button\" href=\"https:\/\/madeiraisland.news\/?p=1195199#more-1195199\" aria-label=\"Read more about Gas\u00f3leo desce e gasolina sobe de pre\u00e7o na Madeira esta segunda-feira (04\/05 a 10\/05\/2026)\">Read more<\/a><\/p>\n","protected":false},"author":259,"featured_media":0,"comment_status":"open","ping_status":"","sticky":false,"template":"","format":"standard","meta":{"footnotes":""},"categories":[19],"tags":[],"class_list":["post-1195199","post","type-post","status-publish","format-standard","hentry","category-madeira-island-news","infinite-scroll-item","masonry-post","generate-columns","tablet-grid-50","mobile-grid-100","grid-parent","grid-33"],"_links":{"self":[{"href":"https:\/\/madeiraisland.news\/index.php?rest_route=\/wp\/v2\/posts\/1195199","targetHints":{"allow":["GET"]}}],"collection":[{"href":"https:\/\/madeiraisland.news\/index.php?rest_route=\/wp\/v2\/posts"}],"about":[{"href":"https:\/\/madeiraisland.news\/index.php?rest_route=\/wp\/v2\/types\/post"}],"author":[{"embeddable":true,"href":"https:\/\/madeiraisland.news\/index.php?rest_route=\/wp\/v2\/users\/259"}],"replies":[{"embeddable":true,"href":"https:\/\/madeiraisland.news\/index.php?rest_route=%2Fwp%2Fv2%2Fcomments&post=1195199"}],"version-history":[{"count":1,"href":"https:\/\/madeiraisland.news\/index.php?rest_route=\/wp\/v2\/posts\/1195199\/revisions"}],"predecessor-version":[{"id":1195200,"href":"https:\/\/madeiraisland.news\/index.php?rest_route=\/wp\/v2\/posts\/1195199\/revisions\/1195200"}],"wp:attachment":[{"href":"https:\/\/madeiraisland.news\/index.php?rest_route=%2Fwp%2Fv2%2Fmedia&parent=1195199"}],"wp:term":[{"taxonomy":"category","embeddable":true,"href":"https:\/\/madeiraisland.news\/index.php?rest_route=%2Fwp%2Fv2%2Fcategories&post=1195199"},{"taxonomy":"post_tag","embeddable":true,"href":"https:\/\/madeiraisland.news\/index.php?rest_route=%2Fwp%2Fv2%2Ftags&post=1195199"}],"curies":[{"name":"wp","href":"https:\/\/api.w.org\/{rel}","templated":true}]}}