{"id":1195197,"date":"2026-05-03T08:55:13","date_gmt":"2026-05-03T08:55:13","guid":{"rendered":"https:\/\/madeiraisland.news\/?p=1195197"},"modified":"2026-05-03T09:00:26","modified_gmt":"2026-05-03T09:00:26","slug":"exames-nacionais-do-secundario-de-16-a-26-de-junho","status":"publish","type":"post","link":"https:\/\/madeiraisland.news\/?p=1195197","title":{"rendered":"Exames nacionais do secund\u00e1rio de 16 a 26 de junho"},"content":{"rendered":"<p>O calend\u00e1rio dos exames nacionais para o ano letivo de 2025-2026 j\u00e1 foi divulgado. A primeira fase decorre entre 16 e 26 de junho, enquanto a segunda fase est\u00e1 marcada para o per\u00edodo de 16 a 22 de julho. A primeira fase tem lugar de 16 a 26 de junho\u00a0e est\u00e1 destinada aos\u00a0alunos do 11.\u00ba [\u2026]<\/p>\n","protected":false},"excerpt":{"rendered":"<p>O calend\u00e1rio dos exames nacionais para o ano letivo de 2025-2026 j\u00e1 foi divulgado. A primeira fase decorre entre 16 &#8230; <\/p>\n<p class=\"read-more-container\"><a title=\"Exames nacionais do secund\u00e1rio de 16 a 26 de junho\" class=\"read-more button\" href=\"https:\/\/madeiraisland.news\/?p=1195197#more-1195197\" aria-label=\"Read more about Exames nacionais do secund\u00e1rio de 16 a 26 de junho\">Read more<\/a><\/p>\n","protected":false},"author":259,"featured_media":0,"comment_status":"open","ping_status":"","sticky":false,"template":"","format":"standard","meta":{"footnotes":""},"categories":[19],"tags":[],"class_list":["post-1195197","post","type-post","status-publish","format-standard","hentry","category-madeira-island-news","infinite-scroll-item","masonry-post","generate-columns","tablet-grid-50","mobile-grid-100","grid-parent","grid-33"],"_links":{"self":[{"href":"https:\/\/madeiraisland.news\/index.php?rest_route=\/wp\/v2\/posts\/1195197","targetHints":{"allow":["GET"]}}],"collection":[{"href":"https:\/\/madeiraisland.news\/index.php?rest_route=\/wp\/v2\/posts"}],"about":[{"href":"https:\/\/madeiraisland.news\/index.php?rest_route=\/wp\/v2\/types\/post"}],"author":[{"embeddable":true,"href":"https:\/\/madeiraisland.news\/index.php?rest_route=\/wp\/v2\/users\/259"}],"replies":[{"embeddable":true,"href":"https:\/\/madeiraisland.news\/index.php?rest_route=%2Fwp%2Fv2%2Fcomments&post=1195197"}],"version-history":[{"count":1,"href":"https:\/\/madeiraisland.news\/index.php?rest_route=\/wp\/v2\/posts\/1195197\/revisions"}],"predecessor-version":[{"id":1195198,"href":"https:\/\/madeiraisland.news\/index.php?rest_route=\/wp\/v2\/posts\/1195197\/revisions\/1195198"}],"wp:attachment":[{"href":"https:\/\/madeiraisland.news\/index.php?rest_route=%2Fwp%2Fv2%2Fmedia&parent=1195197"}],"wp:term":[{"taxonomy":"category","embeddable":true,"href":"https:\/\/madeiraisland.news\/index.php?rest_route=%2Fwp%2Fv2%2Fcategories&post=1195197"},{"taxonomy":"post_tag","embeddable":true,"href":"https:\/\/madeiraisland.news\/index.php?rest_route=%2Fwp%2Fv2%2Ftags&post=1195197"}],"curies":[{"name":"wp","href":"https:\/\/api.w.org\/{rel}","templated":true}]}}