{"id":1195195,"date":"2026-05-03T08:40:37","date_gmt":"2026-05-03T08:40:37","guid":{"rendered":"https:\/\/madeiraisland.news\/?p=1195195"},"modified":"2026-05-03T08:47:20","modified_gmt":"2026-05-03T08:47:20","slug":"imersao-na-natureza-reforca-educacao-ambiental-aos-jovens","status":"publish","type":"post","link":"https:\/\/madeiraisland.news\/?p=1195195","title":{"rendered":"Imers\u00e3o na Natureza Refor\u00e7a Educa\u00e7\u00e3o Ambiental aos jovens"},"content":{"rendered":"<p>No passado dia 30 de abril de 2026, um grupo de alunos e professores do Curso T\u00e9cnico de Gest\u00e3o de Ambiente, Tipo 6, da Escola Secund\u00e1ria Jaime Moniz participou numa atividade pr\u00e1tica na Reserva Natural das Ilhas Desertas, uma das \u00e1reas naturais mais relevantes da Regi\u00e3o Aut\u00f3noma da Madeira. A iniciativa, organizada pela professora de [\u2026]<\/p>\n","protected":false},"excerpt":{"rendered":"<p>No passado dia 30 de abril de 2026, um grupo de alunos e professores do Curso T\u00e9cnico de Gest\u00e3o de &#8230; <\/p>\n<p class=\"read-more-container\"><a title=\"Imers\u00e3o na Natureza Refor\u00e7a Educa\u00e7\u00e3o Ambiental aos jovens\" class=\"read-more button\" href=\"https:\/\/madeiraisland.news\/?p=1195195#more-1195195\" aria-label=\"Read more about Imers\u00e3o na Natureza Refor\u00e7a Educa\u00e7\u00e3o Ambiental aos jovens\">Read more<\/a><\/p>\n","protected":false},"author":282,"featured_media":0,"comment_status":"open","ping_status":"","sticky":false,"template":"","format":"standard","meta":{"footnotes":""},"categories":[19],"tags":[],"class_list":["post-1195195","post","type-post","status-publish","format-standard","hentry","category-madeira-island-news","infinite-scroll-item","masonry-post","generate-columns","tablet-grid-50","mobile-grid-100","grid-parent","grid-33"],"_links":{"self":[{"href":"https:\/\/madeiraisland.news\/index.php?rest_route=\/wp\/v2\/posts\/1195195","targetHints":{"allow":["GET"]}}],"collection":[{"href":"https:\/\/madeiraisland.news\/index.php?rest_route=\/wp\/v2\/posts"}],"about":[{"href":"https:\/\/madeiraisland.news\/index.php?rest_route=\/wp\/v2\/types\/post"}],"author":[{"embeddable":true,"href":"https:\/\/madeiraisland.news\/index.php?rest_route=\/wp\/v2\/users\/282"}],"replies":[{"embeddable":true,"href":"https:\/\/madeiraisland.news\/index.php?rest_route=%2Fwp%2Fv2%2Fcomments&post=1195195"}],"version-history":[{"count":1,"href":"https:\/\/madeiraisland.news\/index.php?rest_route=\/wp\/v2\/posts\/1195195\/revisions"}],"predecessor-version":[{"id":1195196,"href":"https:\/\/madeiraisland.news\/index.php?rest_route=\/wp\/v2\/posts\/1195195\/revisions\/1195196"}],"wp:attachment":[{"href":"https:\/\/madeiraisland.news\/index.php?rest_route=%2Fwp%2Fv2%2Fmedia&parent=1195195"}],"wp:term":[{"taxonomy":"category","embeddable":true,"href":"https:\/\/madeiraisland.news\/index.php?rest_route=%2Fwp%2Fv2%2Fcategories&post=1195195"},{"taxonomy":"post_tag","embeddable":true,"href":"https:\/\/madeiraisland.news\/index.php?rest_route=%2Fwp%2Fv2%2Ftags&post=1195195"}],"curies":[{"name":"wp","href":"https:\/\/api.w.org\/{rel}","templated":true}]}}