{"id":1195190,"date":"2026-05-03T08:13:27","date_gmt":"2026-05-03T08:13:27","guid":{"rendered":"https:\/\/madeiraisland.news\/?p=1195190"},"modified":"2026-05-03T08:21:59","modified_gmt":"2026-05-03T08:21:59","slug":"portugal-foi-a-porta-de-entrada-de-imigracao-ilegal-na-ue-hoje-ja-nao-e","status":"publish","type":"post","link":"https:\/\/madeiraisland.news\/?p=1195190","title":{"rendered":"Portugal foi a porta de entrada de imigra\u00e7\u00e3o ilegal na UE, hoje j\u00e1 n\u00e3o \u00e9"},"content":{"rendered":"<p>O secret\u00e1rio de Estado da Imigra\u00e7\u00e3o acusou hoje o PS de ter transformado Portugal na &#8220;maior porta de entrada ilegal&#8221; na UE e minimizou o baixo n\u00famero de indeferimentos, salientando que o pa\u00eds agora sabe os imigrantes que tem.<br \/>\nEm entrevista \u00e0 Lusa, Rui Armindo Freitas, tamb\u00e9m secret\u00e1rio de Estado Adjunto da Presid\u00eancia, explicou que as &#8220;regras de Portugal\u00a0eram absolutamente singulares no contexto europeu, e transformaram Portugal no pa\u00eds com maior efeito chamado sobre a pr\u00f3pria imigra\u00e7\u00e3o ilegal&#8221;.<\/p>\n","protected":false},"excerpt":{"rendered":"<p>O secret\u00e1rio de Estado da Imigra\u00e7\u00e3o acusou hoje o PS de ter transformado Portugal na &#8220;maior porta de entrada ilegal&#8221; na UE e minimizou o baixo n\u00famero de indeferimentos, salientando que o pa\u00eds agora sabe<\/p>\n","protected":false},"author":5,"featured_media":0,"comment_status":"open","ping_status":"","sticky":false,"template":"","format":"standard","meta":{"footnotes":""},"categories":[19],"tags":[],"class_list":["post-1195190","post","type-post","status-publish","format-standard","hentry","category-madeira-island-news","infinite-scroll-item","masonry-post","generate-columns","tablet-grid-50","mobile-grid-100","grid-parent","grid-33"],"_links":{"self":[{"href":"https:\/\/madeiraisland.news\/index.php?rest_route=\/wp\/v2\/posts\/1195190","targetHints":{"allow":["GET"]}}],"collection":[{"href":"https:\/\/madeiraisland.news\/index.php?rest_route=\/wp\/v2\/posts"}],"about":[{"href":"https:\/\/madeiraisland.news\/index.php?rest_route=\/wp\/v2\/types\/post"}],"author":[{"embeddable":true,"href":"https:\/\/madeiraisland.news\/index.php?rest_route=\/wp\/v2\/users\/5"}],"replies":[{"embeddable":true,"href":"https:\/\/madeiraisland.news\/index.php?rest_route=%2Fwp%2Fv2%2Fcomments&post=1195190"}],"version-history":[{"count":2,"href":"https:\/\/madeiraisland.news\/index.php?rest_route=\/wp\/v2\/posts\/1195190\/revisions"}],"predecessor-version":[{"id":1195192,"href":"https:\/\/madeiraisland.news\/index.php?rest_route=\/wp\/v2\/posts\/1195190\/revisions\/1195192"}],"wp:attachment":[{"href":"https:\/\/madeiraisland.news\/index.php?rest_route=%2Fwp%2Fv2%2Fmedia&parent=1195190"}],"wp:term":[{"taxonomy":"category","embeddable":true,"href":"https:\/\/madeiraisland.news\/index.php?rest_route=%2Fwp%2Fv2%2Fcategories&post=1195190"},{"taxonomy":"post_tag","embeddable":true,"href":"https:\/\/madeiraisland.news\/index.php?rest_route=%2Fwp%2Fv2%2Ftags&post=1195190"}],"curies":[{"name":"wp","href":"https:\/\/api.w.org\/{rel}","templated":true}]}}