{"id":1195187,"date":"2026-05-03T08:15:07","date_gmt":"2026-05-03T08:15:07","guid":{"rendered":"https:\/\/madeiraisland.news\/?p=1195187"},"modified":"2026-05-03T08:21:59","modified_gmt":"2026-05-03T08:21:59","slug":"governo-vai-ter-300-vagas-para-detencao-de-imigrantes-com-construcoes-temporarias","status":"publish","type":"post","link":"https:\/\/madeiraisland.news\/?p=1195187","title":{"rendered":"Governo vai ter 300 vagas para deten\u00e7\u00e3o de imigrantes com constru\u00e7\u00f5es tempor\u00e1rias"},"content":{"rendered":"<p>O Governo vai alargar, at\u00e9 ao ver\u00e3o, para 300 as vagas nos centros de deten\u00e7\u00e3o de imigrantes existentes, adicionando constru\u00e7\u00f5es modulares tempor\u00e1rias aos espa\u00e7os atuais, disse hoje o secret\u00e1rio de Estado Adjunto da Presid\u00eancia e da Imigra\u00e7\u00e3o.<br \/>\n&#8220;O Minist\u00e9rio da Administra\u00e7\u00e3o Interna est\u00e1 a trabalhar com muita rapidez para, nos pr\u00f3ximos meses, termos as vagas de que necessitamos&#8221;, para cumprir os compromissos do Pacto Europeu de Migra\u00e7\u00e3o e Asilo, afirmou Rui Armindo Freitas, em entrevista \u00e0 Lusa.<\/p>\n","protected":false},"excerpt":{"rendered":"<p>O Governo vai alargar, at\u00e9 ao ver\u00e3o, para 300 as vagas nos centros de deten\u00e7\u00e3o de imigrantes existentes, adicionando constru\u00e7\u00f5es modulares tempor\u00e1rias aos espa\u00e7os atuais, disse hoje o secret\u00e1rio de Estado Adjunto da Presid\u00eancia e<\/p>\n","protected":false},"author":5,"featured_media":0,"comment_status":"open","ping_status":"","sticky":false,"template":"","format":"standard","meta":{"footnotes":""},"categories":[19],"tags":[],"class_list":["post-1195187","post","type-post","status-publish","format-standard","hentry","category-madeira-island-news","infinite-scroll-item","masonry-post","generate-columns","tablet-grid-50","mobile-grid-100","grid-parent","grid-33"],"_links":{"self":[{"href":"https:\/\/madeiraisland.news\/index.php?rest_route=\/wp\/v2\/posts\/1195187","targetHints":{"allow":["GET"]}}],"collection":[{"href":"https:\/\/madeiraisland.news\/index.php?rest_route=\/wp\/v2\/posts"}],"about":[{"href":"https:\/\/madeiraisland.news\/index.php?rest_route=\/wp\/v2\/types\/post"}],"author":[{"embeddable":true,"href":"https:\/\/madeiraisland.news\/index.php?rest_route=\/wp\/v2\/users\/5"}],"replies":[{"embeddable":true,"href":"https:\/\/madeiraisland.news\/index.php?rest_route=%2Fwp%2Fv2%2Fcomments&post=1195187"}],"version-history":[{"count":2,"href":"https:\/\/madeiraisland.news\/index.php?rest_route=\/wp\/v2\/posts\/1195187\/revisions"}],"predecessor-version":[{"id":1195189,"href":"https:\/\/madeiraisland.news\/index.php?rest_route=\/wp\/v2\/posts\/1195187\/revisions\/1195189"}],"wp:attachment":[{"href":"https:\/\/madeiraisland.news\/index.php?rest_route=%2Fwp%2Fv2%2Fmedia&parent=1195187"}],"wp:term":[{"taxonomy":"category","embeddable":true,"href":"https:\/\/madeiraisland.news\/index.php?rest_route=%2Fwp%2Fv2%2Fcategories&post=1195187"},{"taxonomy":"post_tag","embeddable":true,"href":"https:\/\/madeiraisland.news\/index.php?rest_route=%2Fwp%2Fv2%2Ftags&post=1195187"}],"curies":[{"name":"wp","href":"https:\/\/api.w.org\/{rel}","templated":true}]}}