{"id":1195185,"date":"2026-05-03T05:30:49","date_gmt":"2026-05-03T05:30:49","guid":{"rendered":"https:\/\/madeiraisland.news\/?p=1195185"},"modified":"2026-05-03T05:32:15","modified_gmt":"2026-05-03T05:32:15","slug":"a-nossa-primeira-casa-as-maes","status":"publish","type":"post","link":"https:\/\/madeiraisland.news\/?p=1195185","title":{"rendered":"A nossa primeira casa. As m\u00e3es!"},"content":{"rendered":"<p>Choramos ao nascer, sem compreender o mundo em que entramos, morremos em sil\u00eancio, sem entender o mundo do qual sa\u00edmos. A brevidade da vida \u00e9 espantosa e os fen\u00f3menos que a envolvem s\u00e3o admir\u00e1veis. No entanto, poucas pessoas prestam aten\u00e7\u00e3o ao curto par\u00eantesis do tempo em que vivemos. As crian\u00e7as sabem quando o adulto est\u00e1 [\u2026]<\/p>\n","protected":false},"excerpt":{"rendered":"<p>Choramos ao nascer, sem compreender o mundo em que entramos, morremos em sil\u00eancio, sem entender o mundo do qual sa\u00edmos. &#8230; <\/p>\n<p class=\"read-more-container\"><a title=\"A nossa primeira casa. As m\u00e3es!\" class=\"read-more button\" href=\"https:\/\/madeiraisland.news\/?p=1195185#more-1195185\" aria-label=\"Read more about A nossa primeira casa. As m\u00e3es!\">Read more<\/a><\/p>\n","protected":false},"author":260,"featured_media":0,"comment_status":"open","ping_status":"","sticky":false,"template":"","format":"standard","meta":{"footnotes":""},"categories":[19],"tags":[],"class_list":["post-1195185","post","type-post","status-publish","format-standard","hentry","category-madeira-island-news","infinite-scroll-item","masonry-post","generate-columns","tablet-grid-50","mobile-grid-100","grid-parent","grid-33"],"_links":{"self":[{"href":"https:\/\/madeiraisland.news\/index.php?rest_route=\/wp\/v2\/posts\/1195185","targetHints":{"allow":["GET"]}}],"collection":[{"href":"https:\/\/madeiraisland.news\/index.php?rest_route=\/wp\/v2\/posts"}],"about":[{"href":"https:\/\/madeiraisland.news\/index.php?rest_route=\/wp\/v2\/types\/post"}],"author":[{"embeddable":true,"href":"https:\/\/madeiraisland.news\/index.php?rest_route=\/wp\/v2\/users\/260"}],"replies":[{"embeddable":true,"href":"https:\/\/madeiraisland.news\/index.php?rest_route=%2Fwp%2Fv2%2Fcomments&post=1195185"}],"version-history":[{"count":1,"href":"https:\/\/madeiraisland.news\/index.php?rest_route=\/wp\/v2\/posts\/1195185\/revisions"}],"predecessor-version":[{"id":1195186,"href":"https:\/\/madeiraisland.news\/index.php?rest_route=\/wp\/v2\/posts\/1195185\/revisions\/1195186"}],"wp:attachment":[{"href":"https:\/\/madeiraisland.news\/index.php?rest_route=%2Fwp%2Fv2%2Fmedia&parent=1195185"}],"wp:term":[{"taxonomy":"category","embeddable":true,"href":"https:\/\/madeiraisland.news\/index.php?rest_route=%2Fwp%2Fv2%2Fcategories&post=1195185"},{"taxonomy":"post_tag","embeddable":true,"href":"https:\/\/madeiraisland.news\/index.php?rest_route=%2Fwp%2Fv2%2Ftags&post=1195185"}],"curies":[{"name":"wp","href":"https:\/\/api.w.org\/{rel}","templated":true}]}}