{"id":1195177,"date":"2026-05-03T01:06:00","date_gmt":"2026-05-03T01:06:00","guid":{"rendered":"https:\/\/madeiraisland.news\/?p=1195177"},"modified":"2026-05-03T01:29:01","modified_gmt":"2026-05-03T01:29:01","slug":"idosa-morre-numa-colisao-rodoviaria-em-famalicao-que-causou-ainda-seis-feridos","status":"publish","type":"post","link":"https:\/\/madeiraisland.news\/?p=1195177","title":{"rendered":"Idosa morre numa colis\u00e3o rodovi\u00e1ria em Famalic\u00e3o que causou ainda seis feridos"},"content":{"rendered":"<p>Uma mulher de 87 anos morreu e seis pessoas ficaram feridas esta madrugada numa colis\u00e3o rodovi\u00e1ria na Avenida de Santiago de Gavi\u00e3o (EN14), freguesia de Gavi\u00e3o, concelho de Famalic\u00e3o (Braga), disse fonte dos bombeiros famalicenses.<br \/>\nEm declara\u00e7\u00f5es \u00e0 ag\u00eancia Lusa, fonte da Associa\u00e7\u00e3o Humanit\u00e1ria de Bombeiros Volunt\u00e1rios Famalicenses adiantou que o alerta foi dado pelo Centro de Orienta\u00e7\u00e3o de Doentes Urgentes (CODU) do Instituto Nacional de Emerg\u00eancia M\u00e9dica (INEM) \u00e0 01:01, e que da colis\u00e3o resulto<\/p>\n","protected":false},"excerpt":{"rendered":"<p>Uma mulher de 87 anos morreu e seis pessoas ficaram feridas esta madrugada numa colis\u00e3o rodovi\u00e1ria na Avenida de Santiago de Gavi\u00e3o (EN14), freguesia de Gavi\u00e3o, concelho de Famalic\u00e3o (Braga), disse fonte dos bombeiros famalicenses.<\/p>\n","protected":false},"author":5,"featured_media":0,"comment_status":"open","ping_status":"","sticky":false,"template":"","format":"standard","meta":{"footnotes":""},"categories":[19],"tags":[],"class_list":["post-1195177","post","type-post","status-publish","format-standard","hentry","category-madeira-island-news","infinite-scroll-item","masonry-post","generate-columns","tablet-grid-50","mobile-grid-100","grid-parent","grid-33"],"_links":{"self":[{"href":"https:\/\/madeiraisland.news\/index.php?rest_route=\/wp\/v2\/posts\/1195177","targetHints":{"allow":["GET"]}}],"collection":[{"href":"https:\/\/madeiraisland.news\/index.php?rest_route=\/wp\/v2\/posts"}],"about":[{"href":"https:\/\/madeiraisland.news\/index.php?rest_route=\/wp\/v2\/types\/post"}],"author":[{"embeddable":true,"href":"https:\/\/madeiraisland.news\/index.php?rest_route=\/wp\/v2\/users\/5"}],"replies":[{"embeddable":true,"href":"https:\/\/madeiraisland.news\/index.php?rest_route=%2Fwp%2Fv2%2Fcomments&post=1195177"}],"version-history":[{"count":2,"href":"https:\/\/madeiraisland.news\/index.php?rest_route=\/wp\/v2\/posts\/1195177\/revisions"}],"predecessor-version":[{"id":1195179,"href":"https:\/\/madeiraisland.news\/index.php?rest_route=\/wp\/v2\/posts\/1195177\/revisions\/1195179"}],"wp:attachment":[{"href":"https:\/\/madeiraisland.news\/index.php?rest_route=%2Fwp%2Fv2%2Fmedia&parent=1195177"}],"wp:term":[{"taxonomy":"category","embeddable":true,"href":"https:\/\/madeiraisland.news\/index.php?rest_route=%2Fwp%2Fv2%2Fcategories&post=1195177"},{"taxonomy":"post_tag","embeddable":true,"href":"https:\/\/madeiraisland.news\/index.php?rest_route=%2Fwp%2Fv2%2Ftags&post=1195177"}],"curies":[{"name":"wp","href":"https:\/\/api.w.org\/{rel}","templated":true}]}}