{"id":1195174,"date":"2026-05-03T00:02:00","date_gmt":"2026-05-03T00:02:00","guid":{"rendered":"https:\/\/madeiraisland.news\/?p=1195174"},"modified":"2026-05-03T00:16:34","modified_gmt":"2026-05-03T00:16:34","slug":"prisao-preventiva-para-suspeito-de-tentativa-de-homicidio-em-viana-do-alentejo","status":"publish","type":"post","link":"https:\/\/madeiraisland.news\/?p=1195174","title":{"rendered":"Pris\u00e3o preventiva para suspeito de tentativa de homic\u00eddio em Viana do Alentejo"},"content":{"rendered":"<p>O homem de 54 anos detido por tentativa de homic\u00eddio depois de alegadamente ferir gravemente outro, de 35, em Viana do Alentejo, no distrito de \u00c9vora, ficou em pris\u00e3o preventiva, revelou hoje fonte policial.<br \/>\nA mesma fonte indicou \u00e0 ag\u00eancia Lusa que a medida de coa\u00e7\u00e3o de pris\u00e3o preventiva foi aplicada ao suspeito pelo Tribunal de \u00c9vora ap\u00f3s o primeiro interrogat\u00f3rio judicial.<br \/>\nSegundo a fonte policial, o detido foi encaminhado para o Estabelecimento Prisional de Elvas, no distrito de Portalegre.<br \/>\nO<\/p>\n","protected":false},"excerpt":{"rendered":"<p>O homem de 54 anos detido por tentativa de homic\u00eddio depois de alegadamente ferir gravemente outro, de 35, em Viana do Alentejo, no distrito de \u00c9vora, ficou em pris\u00e3o preventiva, revelou hoje fonte policial. A<\/p>\n","protected":false},"author":5,"featured_media":0,"comment_status":"open","ping_status":"","sticky":false,"template":"","format":"standard","meta":{"footnotes":""},"categories":[19],"tags":[],"class_list":["post-1195174","post","type-post","status-publish","format-standard","hentry","category-madeira-island-news","infinite-scroll-item","masonry-post","generate-columns","tablet-grid-50","mobile-grid-100","grid-parent","grid-33"],"_links":{"self":[{"href":"https:\/\/madeiraisland.news\/index.php?rest_route=\/wp\/v2\/posts\/1195174","targetHints":{"allow":["GET"]}}],"collection":[{"href":"https:\/\/madeiraisland.news\/index.php?rest_route=\/wp\/v2\/posts"}],"about":[{"href":"https:\/\/madeiraisland.news\/index.php?rest_route=\/wp\/v2\/types\/post"}],"author":[{"embeddable":true,"href":"https:\/\/madeiraisland.news\/index.php?rest_route=\/wp\/v2\/users\/5"}],"replies":[{"embeddable":true,"href":"https:\/\/madeiraisland.news\/index.php?rest_route=%2Fwp%2Fv2%2Fcomments&post=1195174"}],"version-history":[{"count":2,"href":"https:\/\/madeiraisland.news\/index.php?rest_route=\/wp\/v2\/posts\/1195174\/revisions"}],"predecessor-version":[{"id":1195176,"href":"https:\/\/madeiraisland.news\/index.php?rest_route=\/wp\/v2\/posts\/1195174\/revisions\/1195176"}],"wp:attachment":[{"href":"https:\/\/madeiraisland.news\/index.php?rest_route=%2Fwp%2Fv2%2Fmedia&parent=1195174"}],"wp:term":[{"taxonomy":"category","embeddable":true,"href":"https:\/\/madeiraisland.news\/index.php?rest_route=%2Fwp%2Fv2%2Fcategories&post=1195174"},{"taxonomy":"post_tag","embeddable":true,"href":"https:\/\/madeiraisland.news\/index.php?rest_route=%2Fwp%2Fv2%2Ftags&post=1195174"}],"curies":[{"name":"wp","href":"https:\/\/api.w.org\/{rel}","templated":true}]}}