{"id":1195149,"date":"2026-05-02T10:05:58","date_gmt":"2026-05-02T10:05:58","guid":{"rendered":"https:\/\/madeiraisland.news\/?p=1195149"},"modified":"2026-05-02T10:15:02","modified_gmt":"2026-05-02T10:15:02","slug":"imagem-do-director-da-pj-usada-em-burla-de-arrendamento-nas-redes-sociais","status":"publish","type":"post","link":"https:\/\/madeiraisland.news\/?p=1195149","title":{"rendered":"Imagem do director da PJ usada em burla de arrendamento nas redes sociais"},"content":{"rendered":"<p>A imagem do director nacional da Pol\u00edcia Judici\u00e1ria, Carlos Cabreiro, est\u00e1 a ser utilizada num novo esquema de burla relacionado com arrendamento de im\u00f3veis, que tem sido detectado recentemente pelas autoridades.<br \/>\nDe acordo com informa\u00e7\u00e3o divulgada pela Pol\u00edcia Judici\u00e1ria, atrav\u00e9s de uma publica\u00e7\u00e3o nas redes sociais, o esquema tem origem em contactos iniciados atrav\u00e9s do Facebook, sendo posteriormente encaminhados para o WhatsApp ap\u00f3s demonstra\u00e7\u00e3o de interesse por parte das v\u00edtimas.<br \/>\nPara conferir<\/p>\n","protected":false},"excerpt":{"rendered":"<p>A imagem do director nacional da Pol\u00edcia Judici\u00e1ria, Carlos Cabreiro, est\u00e1 a ser utilizada num novo esquema de burla relacionado &#8230; <\/p>\n<p class=\"read-more-container\"><a title=\"Imagem do director da PJ usada em burla de arrendamento nas redes sociais\" class=\"read-more button\" href=\"https:\/\/madeiraisland.news\/?p=1195149#more-1195149\" aria-label=\"Read more about Imagem do director da PJ usada em burla de arrendamento nas redes sociais\">Read more<\/a><\/p>\n","protected":false},"author":20,"featured_media":0,"comment_status":"open","ping_status":"","sticky":false,"template":"","format":"standard","meta":{"footnotes":""},"categories":[19],"tags":[],"class_list":["post-1195149","post","type-post","status-publish","format-standard","hentry","category-madeira-island-news","infinite-scroll-item","masonry-post","generate-columns","tablet-grid-50","mobile-grid-100","grid-parent","grid-33"],"_links":{"self":[{"href":"https:\/\/madeiraisland.news\/index.php?rest_route=\/wp\/v2\/posts\/1195149","targetHints":{"allow":["GET"]}}],"collection":[{"href":"https:\/\/madeiraisland.news\/index.php?rest_route=\/wp\/v2\/posts"}],"about":[{"href":"https:\/\/madeiraisland.news\/index.php?rest_route=\/wp\/v2\/types\/post"}],"author":[{"embeddable":true,"href":"https:\/\/madeiraisland.news\/index.php?rest_route=\/wp\/v2\/users\/20"}],"replies":[{"embeddable":true,"href":"https:\/\/madeiraisland.news\/index.php?rest_route=%2Fwp%2Fv2%2Fcomments&post=1195149"}],"version-history":[{"count":1,"href":"https:\/\/madeiraisland.news\/index.php?rest_route=\/wp\/v2\/posts\/1195149\/revisions"}],"predecessor-version":[{"id":1195150,"href":"https:\/\/madeiraisland.news\/index.php?rest_route=\/wp\/v2\/posts\/1195149\/revisions\/1195150"}],"wp:attachment":[{"href":"https:\/\/madeiraisland.news\/index.php?rest_route=%2Fwp%2Fv2%2Fmedia&parent=1195149"}],"wp:term":[{"taxonomy":"category","embeddable":true,"href":"https:\/\/madeiraisland.news\/index.php?rest_route=%2Fwp%2Fv2%2Fcategories&post=1195149"},{"taxonomy":"post_tag","embeddable":true,"href":"https:\/\/madeiraisland.news\/index.php?rest_route=%2Fwp%2Fv2%2Ftags&post=1195149"}],"curies":[{"name":"wp","href":"https:\/\/api.w.org\/{rel}","templated":true}]}}