{"id":1195146,"date":"2026-05-02T00:01:00","date_gmt":"2026-05-02T00:01:00","guid":{"rendered":"https:\/\/madeiraisland.news\/?p=1195146"},"modified":"2026-05-02T00:17:54","modified_gmt":"2026-05-02T00:17:54","slug":"portugal-e-o-5-o-pais-da-ue-com-carga-horaria-semanal-mais-elevada","status":"publish","type":"post","link":"https:\/\/madeiraisland.news\/?p=1195146","title":{"rendered":"Portugal \u00e9 o 5.\u00ba pa\u00eds da UE com carga hor\u00e1ria semanal mais elevada"},"content":{"rendered":"<p>Portugal \u00e9 o quinto pa\u00eds da UE com a carga hor\u00e1ria semanal mais elevada, numa m\u00e9dia de 39,7 horas por semana, s\u00f3 ultrapassado pela Gr\u00e9cia, Pol\u00f3nia, Rom\u00e9nia e Bulg\u00e1ria, indica uma an\u00e1lise da Pordata.<br \/>\nEnquanto a m\u00e9dia no conjunto dos 27 pa\u00edses da Uni\u00e3o Europeia (EU) foi de 37 horas de trabalho por semana em 2025, Portugal registou uma m\u00e9dia de 39,7 horas, &#8220;uma das mais elevadas da Uni\u00e3o Europeia&#8221;, sintetiza a Pordata num retrato estat\u00edstico publicado a prop\u00f3sito do Dia do Trabalhador, que hoje se <\/p>\n","protected":false},"excerpt":{"rendered":"<p>Portugal \u00e9 o quinto pa\u00eds da UE com a carga hor\u00e1ria semanal mais elevada, numa m\u00e9dia de 39,7 horas por semana, s\u00f3 ultrapassado pela Gr\u00e9cia, Pol\u00f3nia, Rom\u00e9nia e Bulg\u00e1ria, indica uma an\u00e1lise da Pordata. Enquanto<\/p>\n","protected":false},"author":5,"featured_media":0,"comment_status":"open","ping_status":"","sticky":false,"template":"","format":"standard","meta":{"footnotes":""},"categories":[19],"tags":[],"class_list":["post-1195146","post","type-post","status-publish","format-standard","hentry","category-madeira-island-news","infinite-scroll-item","masonry-post","generate-columns","tablet-grid-50","mobile-grid-100","grid-parent","grid-33"],"_links":{"self":[{"href":"https:\/\/madeiraisland.news\/index.php?rest_route=\/wp\/v2\/posts\/1195146","targetHints":{"allow":["GET"]}}],"collection":[{"href":"https:\/\/madeiraisland.news\/index.php?rest_route=\/wp\/v2\/posts"}],"about":[{"href":"https:\/\/madeiraisland.news\/index.php?rest_route=\/wp\/v2\/types\/post"}],"author":[{"embeddable":true,"href":"https:\/\/madeiraisland.news\/index.php?rest_route=\/wp\/v2\/users\/5"}],"replies":[{"embeddable":true,"href":"https:\/\/madeiraisland.news\/index.php?rest_route=%2Fwp%2Fv2%2Fcomments&post=1195146"}],"version-history":[{"count":2,"href":"https:\/\/madeiraisland.news\/index.php?rest_route=\/wp\/v2\/posts\/1195146\/revisions"}],"predecessor-version":[{"id":1195148,"href":"https:\/\/madeiraisland.news\/index.php?rest_route=\/wp\/v2\/posts\/1195146\/revisions\/1195148"}],"wp:attachment":[{"href":"https:\/\/madeiraisland.news\/index.php?rest_route=%2Fwp%2Fv2%2Fmedia&parent=1195146"}],"wp:term":[{"taxonomy":"category","embeddable":true,"href":"https:\/\/madeiraisland.news\/index.php?rest_route=%2Fwp%2Fv2%2Fcategories&post=1195146"},{"taxonomy":"post_tag","embeddable":true,"href":"https:\/\/madeiraisland.news\/index.php?rest_route=%2Fwp%2Fv2%2Ftags&post=1195146"}],"curies":[{"name":"wp","href":"https:\/\/api.w.org\/{rel}","templated":true}]}}