{"id":1195144,"date":"2026-05-01T23:24:24","date_gmt":"2026-05-01T23:24:24","guid":{"rendered":"https:\/\/madeiraisland.news\/?p=1195144"},"modified":"2026-05-01T23:35:21","modified_gmt":"2026-05-01T23:35:21","slug":"momento-joao-pedro-pais-steve-hogarth-marillion-na-homenagem-a-luis-jardim-video","status":"publish","type":"post","link":"https:\/\/madeiraisland.news\/?p=1195144","title":{"rendered":"Momento Jo\u00e3o Pedro Pais\/Steve Hogarth (Marillion) na homenagem a Lu\u00eds Jardim [v\u00eddeo]"},"content":{"rendered":"<p>O vocalista da banda brit\u00e2nica Marillion, Steve Hogarth (conhecido como \u201ch\u201d) veio hoje \u00e0 Madeira associar-se ao tributo a Lu\u00eds Jardim, ex-percussionista da banda. Foi no concerto do Dia do Trabalhador, no parque de Santa Catarina. Steve Hogarth partilhou uma m\u00fasica com Jo\u00e3o Pedro Pais.<\/p>\n","protected":false},"excerpt":{"rendered":"<p>O vocalista da banda brit\u00e2nica Marillion, Steve Hogarth (conhecido como \u201ch\u201d) veio hoje \u00e0 Madeira associar-se ao tributo a Lu\u00eds &#8230; <\/p>\n<p class=\"read-more-container\"><a title=\"Momento Jo\u00e3o Pedro Pais\/Steve Hogarth (Marillion) na homenagem a Lu\u00eds Jardim [v\u00eddeo]\" class=\"read-more button\" href=\"https:\/\/madeiraisland.news\/?p=1195144#more-1195144\" aria-label=\"Read more about Momento Jo\u00e3o Pedro Pais\/Steve Hogarth (Marillion) na homenagem a Lu\u00eds Jardim [v\u00eddeo]\">Read more<\/a><\/p>\n","protected":false},"author":259,"featured_media":0,"comment_status":"open","ping_status":"","sticky":false,"template":"","format":"standard","meta":{"footnotes":""},"categories":[19],"tags":[],"class_list":["post-1195144","post","type-post","status-publish","format-standard","hentry","category-madeira-island-news","infinite-scroll-item","masonry-post","generate-columns","tablet-grid-50","mobile-grid-100","grid-parent","grid-33"],"_links":{"self":[{"href":"https:\/\/madeiraisland.news\/index.php?rest_route=\/wp\/v2\/posts\/1195144","targetHints":{"allow":["GET"]}}],"collection":[{"href":"https:\/\/madeiraisland.news\/index.php?rest_route=\/wp\/v2\/posts"}],"about":[{"href":"https:\/\/madeiraisland.news\/index.php?rest_route=\/wp\/v2\/types\/post"}],"author":[{"embeddable":true,"href":"https:\/\/madeiraisland.news\/index.php?rest_route=\/wp\/v2\/users\/259"}],"replies":[{"embeddable":true,"href":"https:\/\/madeiraisland.news\/index.php?rest_route=%2Fwp%2Fv2%2Fcomments&post=1195144"}],"version-history":[{"count":1,"href":"https:\/\/madeiraisland.news\/index.php?rest_route=\/wp\/v2\/posts\/1195144\/revisions"}],"predecessor-version":[{"id":1195145,"href":"https:\/\/madeiraisland.news\/index.php?rest_route=\/wp\/v2\/posts\/1195144\/revisions\/1195145"}],"wp:attachment":[{"href":"https:\/\/madeiraisland.news\/index.php?rest_route=%2Fwp%2Fv2%2Fmedia&parent=1195144"}],"wp:term":[{"taxonomy":"category","embeddable":true,"href":"https:\/\/madeiraisland.news\/index.php?rest_route=%2Fwp%2Fv2%2Fcategories&post=1195144"},{"taxonomy":"post_tag","embeddable":true,"href":"https:\/\/madeiraisland.news\/index.php?rest_route=%2Fwp%2Fv2%2Ftags&post=1195144"}],"curies":[{"name":"wp","href":"https:\/\/api.w.org\/{rel}","templated":true}]}}