{"id":1195140,"date":"2026-05-01T21:11:17","date_gmt":"2026-05-01T21:11:17","guid":{"rendered":"https:\/\/madeiraisland.news\/?p=1195140"},"modified":"2026-05-01T21:25:43","modified_gmt":"2026-05-01T21:25:43","slug":"alarme-perturba-moradores-em-sao-roque","status":"publish","type":"post","link":"https:\/\/madeiraisland.news\/?p=1195140","title":{"rendered":"Alarme perturba moradores em S\u00e3o Roque"},"content":{"rendered":"<p>Um alarme que n\u00e3o para de tocar desde o final da tarde desta sexta-feira, 1 de Maio, est\u00e1 a tirar o sossego aos moradores na zona da escola do Gale\u00e3o, em S\u00e3o Roque.<br \/>\nSegundo o relato de um residente, ao DI\u00c1RIO, o som cont\u00ednuo come\u00e7ou ao fim do dia e prolonga-se h\u00e1 v\u00e1rias horas, sem que ningu\u00e9m tenha conseguido deslig\u00e1-lo. A situa\u00e7\u00e3o est\u00e1 a gerar irrita\u00e7\u00e3o e inc\u00f3modo entre quem vive nas imedia\u00e7\u00f5es, sobretudo devido \u00e0 intensidade do ru\u00eddo,\u00a0<br \/>\nDesconhece-se, para j\u00e1, a origem do alarme.\u00a0<br \/>\nO caso est\u00e1 a<\/p>\n","protected":false},"excerpt":{"rendered":"<p>Um alarme que n\u00e3o para de tocar desde o final da tarde desta sexta-feira, 1 de Maio, est\u00e1 a tirar &#8230; <\/p>\n<p class=\"read-more-container\"><a title=\"Alarme perturba moradores em S\u00e3o Roque\" class=\"read-more button\" href=\"https:\/\/madeiraisland.news\/?p=1195140#more-1195140\" aria-label=\"Read more about Alarme perturba moradores em S\u00e3o Roque\">Read more<\/a><\/p>\n","protected":false},"author":20,"featured_media":0,"comment_status":"open","ping_status":"","sticky":false,"template":"","format":"standard","meta":{"footnotes":""},"categories":[19],"tags":[],"class_list":["post-1195140","post","type-post","status-publish","format-standard","hentry","category-madeira-island-news","infinite-scroll-item","masonry-post","generate-columns","tablet-grid-50","mobile-grid-100","grid-parent","grid-33"],"_links":{"self":[{"href":"https:\/\/madeiraisland.news\/index.php?rest_route=\/wp\/v2\/posts\/1195140","targetHints":{"allow":["GET"]}}],"collection":[{"href":"https:\/\/madeiraisland.news\/index.php?rest_route=\/wp\/v2\/posts"}],"about":[{"href":"https:\/\/madeiraisland.news\/index.php?rest_route=\/wp\/v2\/types\/post"}],"author":[{"embeddable":true,"href":"https:\/\/madeiraisland.news\/index.php?rest_route=\/wp\/v2\/users\/20"}],"replies":[{"embeddable":true,"href":"https:\/\/madeiraisland.news\/index.php?rest_route=%2Fwp%2Fv2%2Fcomments&post=1195140"}],"version-history":[{"count":1,"href":"https:\/\/madeiraisland.news\/index.php?rest_route=\/wp\/v2\/posts\/1195140\/revisions"}],"predecessor-version":[{"id":1195141,"href":"https:\/\/madeiraisland.news\/index.php?rest_route=\/wp\/v2\/posts\/1195140\/revisions\/1195141"}],"wp:attachment":[{"href":"https:\/\/madeiraisland.news\/index.php?rest_route=%2Fwp%2Fv2%2Fmedia&parent=1195140"}],"wp:term":[{"taxonomy":"category","embeddable":true,"href":"https:\/\/madeiraisland.news\/index.php?rest_route=%2Fwp%2Fv2%2Fcategories&post=1195140"},{"taxonomy":"post_tag","embeddable":true,"href":"https:\/\/madeiraisland.news\/index.php?rest_route=%2Fwp%2Fv2%2Ftags&post=1195140"}],"curies":[{"name":"wp","href":"https:\/\/api.w.org\/{rel}","templated":true}]}}