{"id":1195131,"date":"2026-05-01T19:11:50","date_gmt":"2026-05-01T19:11:50","guid":{"rendered":"https:\/\/madeiraisland.news\/?p=1195131"},"modified":"2026-05-01T19:23:44","modified_gmt":"2026-05-01T19:23:44","slug":"montenegro-diz-que-governo-nao-abandona-conviccoes-sobre-pacote-laboral","status":"publish","type":"post","link":"https:\/\/madeiraisland.news\/?p=1195131","title":{"rendered":"Montenegro diz que Governo n\u00e3o abandona convic\u00e7\u00f5es sobre pacote laboral"},"content":{"rendered":"<p>O primeiro-ministro alertou hoje que o Governo &#8220;n\u00e3o abandona as suas convic\u00e7\u00f5es&#8221; em mat\u00e9ria laboral e garantiu que &#8220;j\u00e1 cedeu em todas as traves mestras&#8221; desta reforma, acusando a UGT de ser o parceiro &#8220;com menos ced\u00eancias&#8221;.<br \/>\nSobre a possibilidade de deixar cair o pacote laboral, como sugeriu hoje o l\u00edder do PS, Lu\u00eds Montenegro disse, em Melga\u00e7o, que sem entendimento na Concerta\u00e7\u00e3o Social, a \u00faltima palavra sobre o pacote laboral &#8220;ser\u00e1 sempre do parlamento&#8221;, vincando que &#8220;se h\u00e1 uma coisa que o Gove<\/p>\n","protected":false},"excerpt":{"rendered":"<p>O primeiro-ministro alertou hoje que o Governo &#8220;n\u00e3o abandona as suas convic\u00e7\u00f5es&#8221; em mat\u00e9ria laboral e garantiu que &#8220;j\u00e1 cedeu em todas as traves mestras&#8221; desta reforma, acusando a UGT de ser o parceiro &#8220;com<\/p>\n","protected":false},"author":5,"featured_media":0,"comment_status":"open","ping_status":"","sticky":false,"template":"","format":"standard","meta":{"footnotes":""},"categories":[19],"tags":[],"class_list":["post-1195131","post","type-post","status-publish","format-standard","hentry","category-madeira-island-news","infinite-scroll-item","masonry-post","generate-columns","tablet-grid-50","mobile-grid-100","grid-parent","grid-33"],"_links":{"self":[{"href":"https:\/\/madeiraisland.news\/index.php?rest_route=\/wp\/v2\/posts\/1195131","targetHints":{"allow":["GET"]}}],"collection":[{"href":"https:\/\/madeiraisland.news\/index.php?rest_route=\/wp\/v2\/posts"}],"about":[{"href":"https:\/\/madeiraisland.news\/index.php?rest_route=\/wp\/v2\/types\/post"}],"author":[{"embeddable":true,"href":"https:\/\/madeiraisland.news\/index.php?rest_route=\/wp\/v2\/users\/5"}],"replies":[{"embeddable":true,"href":"https:\/\/madeiraisland.news\/index.php?rest_route=%2Fwp%2Fv2%2Fcomments&post=1195131"}],"version-history":[{"count":2,"href":"https:\/\/madeiraisland.news\/index.php?rest_route=\/wp\/v2\/posts\/1195131\/revisions"}],"predecessor-version":[{"id":1195133,"href":"https:\/\/madeiraisland.news\/index.php?rest_route=\/wp\/v2\/posts\/1195131\/revisions\/1195133"}],"wp:attachment":[{"href":"https:\/\/madeiraisland.news\/index.php?rest_route=%2Fwp%2Fv2%2Fmedia&parent=1195131"}],"wp:term":[{"taxonomy":"category","embeddable":true,"href":"https:\/\/madeiraisland.news\/index.php?rest_route=%2Fwp%2Fv2%2Fcategories&post=1195131"},{"taxonomy":"post_tag","embeddable":true,"href":"https:\/\/madeiraisland.news\/index.php?rest_route=%2Fwp%2Fv2%2Ftags&post=1195131"}],"curies":[{"name":"wp","href":"https:\/\/api.w.org\/{rel}","templated":true}]}}