{"id":1195129,"date":"2026-05-01T19:08:49","date_gmt":"2026-05-01T19:08:49","guid":{"rendered":"https:\/\/madeiraisland.news\/?p=1195129"},"modified":"2026-05-01T19:23:42","modified_gmt":"2026-05-01T19:23:42","slug":"subcentro-de-busca-e-salvamento-maritimo-do-funchal-resgatou-nove-pessoas-em-abril","status":"publish","type":"post","link":"https:\/\/madeiraisland.news\/?p=1195129","title":{"rendered":"Subcentro de Busca e Salvamento Mar\u00edtimo do Funchal resgatou nove pessoas em Abril"},"content":{"rendered":"<p>O Subcentro\u00a0e Coordena\u00e7\u00e3o de Busca e Salvamento Mar\u00edtimo do Funchal coordenou, durante o m\u00eas de Abril, sete ac\u00e7\u00f5es de busca e salvamento, tendo sido resgatadas nove pessoas.\u00a0<br \/>\nA Marinha Portuguesa, atrav\u00e9s dos Centros de Coordena\u00e7\u00e3o de Busca e Salvamento Mar\u00edtimo (MRCC), coordenou, segundo informa em nota enviada, 50 ac\u00e7\u00f5es de busca e salvamento, em que foram salvas 43 pessoas, durante o m\u00eas passado.<br \/>\n\u200b\u200bNa \u00e1rea de responsabilidade do MRCC Lisboa, foram registados 25 incidentes, em que foram salvas<\/p>\n","protected":false},"excerpt":{"rendered":"<p>O Subcentro\u00a0e Coordena\u00e7\u00e3o de Busca e Salvamento Mar\u00edtimo do Funchal coordenou, durante o m\u00eas de Abril, sete ac\u00e7\u00f5es de busca &#8230; <\/p>\n<p class=\"read-more-container\"><a title=\"Subcentro de Busca e Salvamento Mar\u00edtimo do Funchal resgatou nove pessoas em Abril\" class=\"read-more button\" href=\"https:\/\/madeiraisland.news\/?p=1195129#more-1195129\" aria-label=\"Read more about Subcentro de Busca e Salvamento Mar\u00edtimo do Funchal resgatou nove pessoas em Abril\">Read more<\/a><\/p>\n","protected":false},"author":20,"featured_media":0,"comment_status":"open","ping_status":"","sticky":false,"template":"","format":"standard","meta":{"footnotes":""},"categories":[19],"tags":[],"class_list":["post-1195129","post","type-post","status-publish","format-standard","hentry","category-madeira-island-news","infinite-scroll-item","masonry-post","generate-columns","tablet-grid-50","mobile-grid-100","grid-parent","grid-33"],"_links":{"self":[{"href":"https:\/\/madeiraisland.news\/index.php?rest_route=\/wp\/v2\/posts\/1195129","targetHints":{"allow":["GET"]}}],"collection":[{"href":"https:\/\/madeiraisland.news\/index.php?rest_route=\/wp\/v2\/posts"}],"about":[{"href":"https:\/\/madeiraisland.news\/index.php?rest_route=\/wp\/v2\/types\/post"}],"author":[{"embeddable":true,"href":"https:\/\/madeiraisland.news\/index.php?rest_route=\/wp\/v2\/users\/20"}],"replies":[{"embeddable":true,"href":"https:\/\/madeiraisland.news\/index.php?rest_route=%2Fwp%2Fv2%2Fcomments&post=1195129"}],"version-history":[{"count":1,"href":"https:\/\/madeiraisland.news\/index.php?rest_route=\/wp\/v2\/posts\/1195129\/revisions"}],"predecessor-version":[{"id":1195130,"href":"https:\/\/madeiraisland.news\/index.php?rest_route=\/wp\/v2\/posts\/1195129\/revisions\/1195130"}],"wp:attachment":[{"href":"https:\/\/madeiraisland.news\/index.php?rest_route=%2Fwp%2Fv2%2Fmedia&parent=1195129"}],"wp:term":[{"taxonomy":"category","embeddable":true,"href":"https:\/\/madeiraisland.news\/index.php?rest_route=%2Fwp%2Fv2%2Fcategories&post=1195129"},{"taxonomy":"post_tag","embeddable":true,"href":"https:\/\/madeiraisland.news\/index.php?rest_route=%2Fwp%2Fv2%2Ftags&post=1195129"}],"curies":[{"name":"wp","href":"https:\/\/api.w.org\/{rel}","templated":true}]}}