{"id":1195123,"date":"2026-05-01T16:33:34","date_gmt":"2026-05-01T16:33:34","guid":{"rendered":"https:\/\/madeiraisland.news\/?p=1195123"},"modified":"2026-05-01T16:42:53","modified_gmt":"2026-05-01T16:42:53","slug":"cgtp-apela-para-adesao-a-greve-geral-de-3-de-junho-contra-pacote-laboral","status":"publish","type":"post","link":"https:\/\/madeiraisland.news\/?p=1195123","title":{"rendered":"CGTP apela para ades\u00e3o \u00e0 greve geral de 3 de Junho contra pacote laboral"},"content":{"rendered":"<p>O secret\u00e1rio-geral da CGTP, Tiago Oliveira, apelou hoje a todos os trabalhadores para aderirem \u00e0 greve geral de 03 de junho para mostrarem &#8220;a indigna\u00e7\u00e3o&#8221; e &#8220;a exig\u00eancia&#8221; da derrota do pacote laboral.<br \/>\n&#8220;Vamos afirmar a nossa indigna\u00e7\u00e3o e protesto, a exig\u00eancia de uma vida melhor, da derrota do pacote laboral, vamos afirmar a poderosa for\u00e7a dos trabalhadores. Todos juntos vamos realizar uma grande greve geral no pr\u00f3ximo dia 03 de junho&#8221;, disse Tiago Oliveira no com\u00edcio final da manifesta\u00e7\u00e3o que assi<\/p>\n","protected":false},"excerpt":{"rendered":"<p>O secret\u00e1rio-geral da CGTP, Tiago Oliveira, apelou hoje a todos os trabalhadores para aderirem \u00e0 greve geral de 03 de junho para mostrarem &#8220;a indigna\u00e7\u00e3o&#8221; e &#8220;a exig\u00eancia&#8221; da derrota do pacote laboral. &#8220;Vamos afirmar<\/p>\n","protected":false},"author":5,"featured_media":0,"comment_status":"open","ping_status":"","sticky":false,"template":"","format":"standard","meta":{"footnotes":""},"categories":[19],"tags":[],"class_list":["post-1195123","post","type-post","status-publish","format-standard","hentry","category-madeira-island-news","infinite-scroll-item","masonry-post","generate-columns","tablet-grid-50","mobile-grid-100","grid-parent","grid-33"],"_links":{"self":[{"href":"https:\/\/madeiraisland.news\/index.php?rest_route=\/wp\/v2\/posts\/1195123","targetHints":{"allow":["GET"]}}],"collection":[{"href":"https:\/\/madeiraisland.news\/index.php?rest_route=\/wp\/v2\/posts"}],"about":[{"href":"https:\/\/madeiraisland.news\/index.php?rest_route=\/wp\/v2\/types\/post"}],"author":[{"embeddable":true,"href":"https:\/\/madeiraisland.news\/index.php?rest_route=\/wp\/v2\/users\/5"}],"replies":[{"embeddable":true,"href":"https:\/\/madeiraisland.news\/index.php?rest_route=%2Fwp%2Fv2%2Fcomments&post=1195123"}],"version-history":[{"count":2,"href":"https:\/\/madeiraisland.news\/index.php?rest_route=\/wp\/v2\/posts\/1195123\/revisions"}],"predecessor-version":[{"id":1195125,"href":"https:\/\/madeiraisland.news\/index.php?rest_route=\/wp\/v2\/posts\/1195123\/revisions\/1195125"}],"wp:attachment":[{"href":"https:\/\/madeiraisland.news\/index.php?rest_route=%2Fwp%2Fv2%2Fmedia&parent=1195123"}],"wp:term":[{"taxonomy":"category","embeddable":true,"href":"https:\/\/madeiraisland.news\/index.php?rest_route=%2Fwp%2Fv2%2Fcategories&post=1195123"},{"taxonomy":"post_tag","embeddable":true,"href":"https:\/\/madeiraisland.news\/index.php?rest_route=%2Fwp%2Fv2%2Ftags&post=1195123"}],"curies":[{"name":"wp","href":"https:\/\/api.w.org\/{rel}","templated":true}]}}