{"id":1195083,"date":"2026-05-01T10:59:05","date_gmt":"2026-05-01T10:59:05","guid":{"rendered":"https:\/\/madeiraisland.news\/?p=1195083"},"modified":"2026-05-01T11:05:24","modified_gmt":"2026-05-01T11:05:24","slug":"presidente-da-republica-critica-precariedade-e-defende-trabalho-com-vida-digna","status":"publish","type":"post","link":"https:\/\/madeiraisland.news\/?p=1195083","title":{"rendered":"Presidente da Rep\u00fablica critica precariedade e defende trabalho com vida digna"},"content":{"rendered":"<p>O Presidente da Rep\u00fablica alertou hoje para os atuais desafios enfrentados pelos trabalhadores, criticando a precariedade e defendendo um trabalho que assegure condi\u00e7\u00f5es de vida dignas, numa mensagem do Dia do Trabalhador que evoca a luta por direitos.<br \/>\nNuma nota divulgada pela Presid\u00eancia da Rep\u00fablica por ocasi\u00e3o do 1.\u00ba de Maio, Ant\u00f3nio Jos\u00e9 Seguro sublinhou que &#8220;\u00e9 atrav\u00e9s do trabalho&#8221; que cada um &#8220;constr\u00f3i a sua vida, afirma a sua dignidade e contribui para a comunidade&#8221;, considerando que este <\/p>\n","protected":false},"excerpt":{"rendered":"<p>O Presidente da Rep\u00fablica alertou hoje para os atuais desafios enfrentados pelos trabalhadores, criticando a precariedade e defendendo um trabalho que assegure condi\u00e7\u00f5es de vida dignas, numa mensagem do Dia do Trabalhador que evoca a<\/p>\n","protected":false},"author":5,"featured_media":0,"comment_status":"open","ping_status":"","sticky":false,"template":"","format":"standard","meta":{"footnotes":""},"categories":[19],"tags":[],"class_list":["post-1195083","post","type-post","status-publish","format-standard","hentry","category-madeira-island-news","infinite-scroll-item","masonry-post","generate-columns","tablet-grid-50","mobile-grid-100","grid-parent","grid-33"],"_links":{"self":[{"href":"https:\/\/madeiraisland.news\/index.php?rest_route=\/wp\/v2\/posts\/1195083","targetHints":{"allow":["GET"]}}],"collection":[{"href":"https:\/\/madeiraisland.news\/index.php?rest_route=\/wp\/v2\/posts"}],"about":[{"href":"https:\/\/madeiraisland.news\/index.php?rest_route=\/wp\/v2\/types\/post"}],"author":[{"embeddable":true,"href":"https:\/\/madeiraisland.news\/index.php?rest_route=\/wp\/v2\/users\/5"}],"replies":[{"embeddable":true,"href":"https:\/\/madeiraisland.news\/index.php?rest_route=%2Fwp%2Fv2%2Fcomments&post=1195083"}],"version-history":[{"count":2,"href":"https:\/\/madeiraisland.news\/index.php?rest_route=\/wp\/v2\/posts\/1195083\/revisions"}],"predecessor-version":[{"id":1195085,"href":"https:\/\/madeiraisland.news\/index.php?rest_route=\/wp\/v2\/posts\/1195083\/revisions\/1195085"}],"wp:attachment":[{"href":"https:\/\/madeiraisland.news\/index.php?rest_route=%2Fwp%2Fv2%2Fmedia&parent=1195083"}],"wp:term":[{"taxonomy":"category","embeddable":true,"href":"https:\/\/madeiraisland.news\/index.php?rest_route=%2Fwp%2Fv2%2Fcategories&post=1195083"},{"taxonomy":"post_tag","embeddable":true,"href":"https:\/\/madeiraisland.news\/index.php?rest_route=%2Fwp%2Fv2%2Ftags&post=1195083"}],"curies":[{"name":"wp","href":"https:\/\/api.w.org\/{rel}","templated":true}]}}