{"id":1195081,"date":"2026-05-01T09:35:45","date_gmt":"2026-05-01T09:35:45","guid":{"rendered":"https:\/\/madeiraisland.news\/?p=1195081"},"modified":"2026-05-01T09:54:12","modified_gmt":"2026-05-01T09:54:12","slug":"ataque-violento-a-duas-mulheres-no-lido","status":"publish","type":"post","link":"https:\/\/madeiraisland.news\/?p=1195081","title":{"rendered":"Ataque violento a duas mulheres no Lido"},"content":{"rendered":"<p>Duas<br \/>\nmulheres foram v\u00edtimas de uma agress\u00e3o na manh\u00e3 desta quinta-feira, na zona do<br \/>\nLido, no Funchal, junto \u00e0 Esta\u00e7\u00e3o Mar\u00edtima Biol\u00f3gica.<br \/>\nSegundo o<br \/>\nrelato de uma testemunha, as v\u00edtimas seguiam a caminho do trabalho quando foram<br \/>\nsurpreendidas pelas costas por um homem que se encontrava nas imedia\u00e7\u00f5es. O<br \/>\nsuspeito ter\u00e1 atacado ambas de forma repentina, desferindo cabe\u00e7adas com<br \/>\nviol\u00eancia.<br \/>\nUma das<br \/>\nmulheres, ainda em estado de choque, tentou perceber o que se passava, tendo<br \/>\nsido atingida com um soco n<\/p>\n","protected":false},"excerpt":{"rendered":"<p>Duas mulheres foram v\u00edtimas de uma agress\u00e3o na manh\u00e3 desta quinta-feira, na zona do Lido, no Funchal, junto \u00e0 Esta\u00e7\u00e3o &#8230; <\/p>\n<p class=\"read-more-container\"><a title=\"Ataque violento a duas mulheres no Lido\" class=\"read-more button\" href=\"https:\/\/madeiraisland.news\/?p=1195081#more-1195081\" aria-label=\"Read more about Ataque violento a duas mulheres no Lido\">Read more<\/a><\/p>\n","protected":false},"author":11,"featured_media":0,"comment_status":"open","ping_status":"","sticky":false,"template":"","format":"standard","meta":{"footnotes":""},"categories":[19],"tags":[],"class_list":["post-1195081","post","type-post","status-publish","format-standard","hentry","category-madeira-island-news","infinite-scroll-item","masonry-post","generate-columns","tablet-grid-50","mobile-grid-100","grid-parent","grid-33"],"_links":{"self":[{"href":"https:\/\/madeiraisland.news\/index.php?rest_route=\/wp\/v2\/posts\/1195081","targetHints":{"allow":["GET"]}}],"collection":[{"href":"https:\/\/madeiraisland.news\/index.php?rest_route=\/wp\/v2\/posts"}],"about":[{"href":"https:\/\/madeiraisland.news\/index.php?rest_route=\/wp\/v2\/types\/post"}],"author":[{"embeddable":true,"href":"https:\/\/madeiraisland.news\/index.php?rest_route=\/wp\/v2\/users\/11"}],"replies":[{"embeddable":true,"href":"https:\/\/madeiraisland.news\/index.php?rest_route=%2Fwp%2Fv2%2Fcomments&post=1195081"}],"version-history":[{"count":1,"href":"https:\/\/madeiraisland.news\/index.php?rest_route=\/wp\/v2\/posts\/1195081\/revisions"}],"predecessor-version":[{"id":1195082,"href":"https:\/\/madeiraisland.news\/index.php?rest_route=\/wp\/v2\/posts\/1195081\/revisions\/1195082"}],"wp:attachment":[{"href":"https:\/\/madeiraisland.news\/index.php?rest_route=%2Fwp%2Fv2%2Fmedia&parent=1195081"}],"wp:term":[{"taxonomy":"category","embeddable":true,"href":"https:\/\/madeiraisland.news\/index.php?rest_route=%2Fwp%2Fv2%2Fcategories&post=1195081"},{"taxonomy":"post_tag","embeddable":true,"href":"https:\/\/madeiraisland.news\/index.php?rest_route=%2Fwp%2Fv2%2Ftags&post=1195081"}],"curies":[{"name":"wp","href":"https:\/\/api.w.org\/{rel}","templated":true}]}}