{"id":1195079,"date":"2026-05-01T09:20:46","date_gmt":"2026-05-01T09:20:46","guid":{"rendered":"https:\/\/madeiraisland.news\/?p=1195079"},"modified":"2026-05-01T09:36:11","modified_gmt":"2026-05-01T09:36:11","slug":"motociclista-ferido-em-colisao-entre-mota-e-carro-em-camara-de-lobos","status":"publish","type":"post","link":"https:\/\/madeiraisland.news\/?p=1195079","title":{"rendered":"Motociclista ferido em colis\u00e3o entre mota e carro em C\u00e2mara de Lobos"},"content":{"rendered":"<p>Um jovem motociclista de 21 anos ficou ferido na sequ\u00eancia de uma colis\u00e3o entre uma mota e um autom\u00f3vel, ao final da tarde desta quinta-feira, na Estrada Jo\u00e3o Gon\u00e7alves Zarco, em C\u00e2mara de Lobos.<br \/>\nOs Bombeiros Volunt\u00e1rios de C\u00e2mara de Lobos foram mobilizados ao local para prestar assist\u00eancia \u00e0 v\u00edtima.<br \/>\nO jovem apresentava ferimentos ligeiros e foi transportado ao servi\u00e7o de urg\u00eancias do Hospital Dr. N\u00e9lio Mendon\u00e7a.<\/p>\n","protected":false},"excerpt":{"rendered":"<p>Um jovem motociclista de 21 anos ficou ferido na sequ\u00eancia de uma colis\u00e3o entre uma mota e um autom\u00f3vel, ao &#8230; <\/p>\n<p class=\"read-more-container\"><a title=\"Motociclista ferido em colis\u00e3o entre mota e carro em C\u00e2mara de Lobos\" class=\"read-more button\" href=\"https:\/\/madeiraisland.news\/?p=1195079#more-1195079\" aria-label=\"Read more about Motociclista ferido em colis\u00e3o entre mota e carro em C\u00e2mara de Lobos\">Read more<\/a><\/p>\n","protected":false},"author":11,"featured_media":0,"comment_status":"open","ping_status":"","sticky":false,"template":"","format":"standard","meta":{"footnotes":""},"categories":[19],"tags":[],"class_list":["post-1195079","post","type-post","status-publish","format-standard","hentry","category-madeira-island-news","infinite-scroll-item","masonry-post","generate-columns","tablet-grid-50","mobile-grid-100","grid-parent","grid-33"],"_links":{"self":[{"href":"https:\/\/madeiraisland.news\/index.php?rest_route=\/wp\/v2\/posts\/1195079","targetHints":{"allow":["GET"]}}],"collection":[{"href":"https:\/\/madeiraisland.news\/index.php?rest_route=\/wp\/v2\/posts"}],"about":[{"href":"https:\/\/madeiraisland.news\/index.php?rest_route=\/wp\/v2\/types\/post"}],"author":[{"embeddable":true,"href":"https:\/\/madeiraisland.news\/index.php?rest_route=\/wp\/v2\/users\/11"}],"replies":[{"embeddable":true,"href":"https:\/\/madeiraisland.news\/index.php?rest_route=%2Fwp%2Fv2%2Fcomments&post=1195079"}],"version-history":[{"count":1,"href":"https:\/\/madeiraisland.news\/index.php?rest_route=\/wp\/v2\/posts\/1195079\/revisions"}],"predecessor-version":[{"id":1195080,"href":"https:\/\/madeiraisland.news\/index.php?rest_route=\/wp\/v2\/posts\/1195079\/revisions\/1195080"}],"wp:attachment":[{"href":"https:\/\/madeiraisland.news\/index.php?rest_route=%2Fwp%2Fv2%2Fmedia&parent=1195079"}],"wp:term":[{"taxonomy":"category","embeddable":true,"href":"https:\/\/madeiraisland.news\/index.php?rest_route=%2Fwp%2Fv2%2Fcategories&post=1195079"},{"taxonomy":"post_tag","embeddable":true,"href":"https:\/\/madeiraisland.news\/index.php?rest_route=%2Fwp%2Fv2%2Ftags&post=1195079"}],"curies":[{"name":"wp","href":"https:\/\/api.w.org\/{rel}","templated":true}]}}