{"id":1195076,"date":"2026-05-01T08:32:11","date_gmt":"2026-05-01T08:32:11","guid":{"rendered":"https:\/\/madeiraisland.news\/?p=1195076"},"modified":"2026-05-01T08:45:34","modified_gmt":"2026-05-01T08:45:34","slug":"cgtp-convoca-greve-geral-para-3-de-junho","status":"publish","type":"post","link":"https:\/\/madeiraisland.news\/?p=1195076","title":{"rendered":"CGTP convoca greve geral para 3 de Junho"},"content":{"rendered":"<p>A CGTP, atrav\u00e9s do seu secret\u00e1rio-geral, Tiago Oliveira, convocou hoje, quando se assinala o Dia do Trabalhador, uma greve geral para 03 de junho.<br \/>\n&#8220;A CGTP vai convocar hoje, no 1.\u00ba de Maio, todos os trabalhadores para aderirem a uma grande greve geral no pr\u00f3ximo dia 03 de junho&#8221;, declarou Tiago Oliveira em entrevista \u00e0 RTP Not\u00edcias.<br \/>\n&#8220;Vamos realizar uma grande greve geral. Vamos continuar a trilhar este caminho de den\u00fancia, mas tamb\u00e9m de luta por uma vida melhor. Vamos continuar a trilhar este ca<\/p>\n","protected":false},"excerpt":{"rendered":"<p>A CGTP, atrav\u00e9s do seu secret\u00e1rio-geral, Tiago Oliveira, convocou hoje, quando se assinala o Dia do Trabalhador, uma greve geral para 03 de junho. &#8220;A CGTP vai convocar hoje, no 1.\u00ba de Maio, todos os<\/p>\n","protected":false},"author":5,"featured_media":0,"comment_status":"open","ping_status":"","sticky":false,"template":"","format":"standard","meta":{"footnotes":""},"categories":[19],"tags":[],"class_list":["post-1195076","post","type-post","status-publish","format-standard","hentry","category-madeira-island-news","infinite-scroll-item","masonry-post","generate-columns","tablet-grid-50","mobile-grid-100","grid-parent","grid-33"],"_links":{"self":[{"href":"https:\/\/madeiraisland.news\/index.php?rest_route=\/wp\/v2\/posts\/1195076","targetHints":{"allow":["GET"]}}],"collection":[{"href":"https:\/\/madeiraisland.news\/index.php?rest_route=\/wp\/v2\/posts"}],"about":[{"href":"https:\/\/madeiraisland.news\/index.php?rest_route=\/wp\/v2\/types\/post"}],"author":[{"embeddable":true,"href":"https:\/\/madeiraisland.news\/index.php?rest_route=\/wp\/v2\/users\/5"}],"replies":[{"embeddable":true,"href":"https:\/\/madeiraisland.news\/index.php?rest_route=%2Fwp%2Fv2%2Fcomments&post=1195076"}],"version-history":[{"count":2,"href":"https:\/\/madeiraisland.news\/index.php?rest_route=\/wp\/v2\/posts\/1195076\/revisions"}],"predecessor-version":[{"id":1195078,"href":"https:\/\/madeiraisland.news\/index.php?rest_route=\/wp\/v2\/posts\/1195076\/revisions\/1195078"}],"wp:attachment":[{"href":"https:\/\/madeiraisland.news\/index.php?rest_route=%2Fwp%2Fv2%2Fmedia&parent=1195076"}],"wp:term":[{"taxonomy":"category","embeddable":true,"href":"https:\/\/madeiraisland.news\/index.php?rest_route=%2Fwp%2Fv2%2Fcategories&post=1195076"},{"taxonomy":"post_tag","embeddable":true,"href":"https:\/\/madeiraisland.news\/index.php?rest_route=%2Fwp%2Fv2%2Ftags&post=1195076"}],"curies":[{"name":"wp","href":"https:\/\/api.w.org\/{rel}","templated":true}]}}