{"id":1195071,"date":"2026-05-01T08:31:40","date_gmt":"2026-05-01T08:31:40","guid":{"rendered":"https:\/\/madeiraisland.news\/?p=1195071"},"modified":"2026-05-01T08:45:33","modified_gmt":"2026-05-01T08:45:33","slug":"sismo-ligeiro-sentido-ao-largo-da-madeira","status":"publish","type":"post","link":"https:\/\/madeiraisland.news\/?p=1195071","title":{"rendered":"Sismo ligeiro sentido ao largo da Madeira"},"content":{"rendered":"<p>Um sismo de<br \/>\nmagnitude 2,5 foi registado pela rede s\u00edsmica do IPMA na madrugada desta<br \/>\nsexta-feira, 1 de Maio, na regi\u00e3o da Madeira.<br \/>\nDe acordo<br \/>\ncom os dados dispon\u00edveis, o abalo ocorreu \u00e0s 02:51:19, com epicentro localizado<br \/>\na noroeste do Porto Santo, a mais de 200 quil\u00f3metros do Funchal, e a uma<br \/>\nprofundidade de 22 quil\u00f3metros.<br \/>\nPela sua<br \/>\nfraca intensidade e dist\u00e2ncia ao arquip\u00e9lago, o sismo n\u00e3o ter\u00e1 sido sentido<br \/>\npela popula\u00e7\u00e3o.<\/p>\n","protected":false},"excerpt":{"rendered":"<p>Um sismo de magnitude 2,5 foi registado pela rede s\u00edsmica do IPMA na madrugada desta sexta-feira, 1 de Maio, na &#8230; <\/p>\n<p class=\"read-more-container\"><a title=\"Sismo ligeiro sentido ao largo da Madeira\" class=\"read-more button\" href=\"https:\/\/madeiraisland.news\/?p=1195071#more-1195071\" aria-label=\"Read more about Sismo ligeiro sentido ao largo da Madeira\">Read more<\/a><\/p>\n","protected":false},"author":11,"featured_media":0,"comment_status":"open","ping_status":"","sticky":false,"template":"","format":"standard","meta":{"footnotes":""},"categories":[19],"tags":[],"class_list":["post-1195071","post","type-post","status-publish","format-standard","hentry","category-madeira-island-news","infinite-scroll-item","masonry-post","generate-columns","tablet-grid-50","mobile-grid-100","grid-parent","grid-33"],"_links":{"self":[{"href":"https:\/\/madeiraisland.news\/index.php?rest_route=\/wp\/v2\/posts\/1195071","targetHints":{"allow":["GET"]}}],"collection":[{"href":"https:\/\/madeiraisland.news\/index.php?rest_route=\/wp\/v2\/posts"}],"about":[{"href":"https:\/\/madeiraisland.news\/index.php?rest_route=\/wp\/v2\/types\/post"}],"author":[{"embeddable":true,"href":"https:\/\/madeiraisland.news\/index.php?rest_route=\/wp\/v2\/users\/11"}],"replies":[{"embeddable":true,"href":"https:\/\/madeiraisland.news\/index.php?rest_route=%2Fwp%2Fv2%2Fcomments&post=1195071"}],"version-history":[{"count":1,"href":"https:\/\/madeiraisland.news\/index.php?rest_route=\/wp\/v2\/posts\/1195071\/revisions"}],"predecessor-version":[{"id":1195072,"href":"https:\/\/madeiraisland.news\/index.php?rest_route=\/wp\/v2\/posts\/1195071\/revisions\/1195072"}],"wp:attachment":[{"href":"https:\/\/madeiraisland.news\/index.php?rest_route=%2Fwp%2Fv2%2Fmedia&parent=1195071"}],"wp:term":[{"taxonomy":"category","embeddable":true,"href":"https:\/\/madeiraisland.news\/index.php?rest_route=%2Fwp%2Fv2%2Fcategories&post=1195071"},{"taxonomy":"post_tag","embeddable":true,"href":"https:\/\/madeiraisland.news\/index.php?rest_route=%2Fwp%2Fv2%2Ftags&post=1195071"}],"curies":[{"name":"wp","href":"https:\/\/api.w.org\/{rel}","templated":true}]}}