{"id":1195066,"date":"2026-05-01T05:00:00","date_gmt":"2026-05-01T05:00:00","guid":{"rendered":"https:\/\/madeiraisland.news\/?p=1195066"},"modified":"2026-05-01T05:05:40","modified_gmt":"2026-05-01T05:05:40","slug":"subemprego-a-tempo-parcial-em-portugal-atinge-22-e-aproxima-se-da-media-da-ue","status":"publish","type":"post","link":"https:\/\/madeiraisland.news\/?p=1195066","title":{"rendered":"Subemprego a tempo parcial em Portugal atinge 2,2% e aproxima-se da m\u00e9dia da UE"},"content":{"rendered":"<p>O subemprego de trabalhadores a tempo parcial atingiu 2,2% da popula\u00e7\u00e3o ativa em 2025, aproximando-se da m\u00e9dia europeia de 2,4%, divulgou ontem o Instituto Nacional de Estat\u00edstica (INE).<br \/>\nEm 2013, ano em que a taxa de desemprego em Portugal alcan\u00e7ou o seu m\u00e1ximo hist\u00f3rico (17,2%), a popula\u00e7\u00e3o ativa representava 89% da popula\u00e7\u00e3o ativa alargada. Em 2025, representou 98%, revelando uma melhoria no uso da for\u00e7a de trabalho potencial.<br \/>\nDe acordo com o INE, nas estat\u00edsticas divulgadas a prop\u00f3sito do Dia<\/p>\n","protected":false},"excerpt":{"rendered":"<p>O subemprego de trabalhadores a tempo parcial atingiu 2,2% da popula\u00e7\u00e3o ativa em 2025, aproximando-se da m\u00e9dia europeia de 2,4%, divulgou ontem o Instituto Nacional de Estat\u00edstica (INE). Em 2013, ano em que a taxa<\/p>\n","protected":false},"author":5,"featured_media":0,"comment_status":"open","ping_status":"","sticky":false,"template":"","format":"standard","meta":{"footnotes":""},"categories":[19],"tags":[],"class_list":["post-1195066","post","type-post","status-publish","format-standard","hentry","category-madeira-island-news","infinite-scroll-item","masonry-post","generate-columns","tablet-grid-50","mobile-grid-100","grid-parent","grid-33"],"_links":{"self":[{"href":"https:\/\/madeiraisland.news\/index.php?rest_route=\/wp\/v2\/posts\/1195066","targetHints":{"allow":["GET"]}}],"collection":[{"href":"https:\/\/madeiraisland.news\/index.php?rest_route=\/wp\/v2\/posts"}],"about":[{"href":"https:\/\/madeiraisland.news\/index.php?rest_route=\/wp\/v2\/types\/post"}],"author":[{"embeddable":true,"href":"https:\/\/madeiraisland.news\/index.php?rest_route=\/wp\/v2\/users\/5"}],"replies":[{"embeddable":true,"href":"https:\/\/madeiraisland.news\/index.php?rest_route=%2Fwp%2Fv2%2Fcomments&post=1195066"}],"version-history":[{"count":2,"href":"https:\/\/madeiraisland.news\/index.php?rest_route=\/wp\/v2\/posts\/1195066\/revisions"}],"predecessor-version":[{"id":1195068,"href":"https:\/\/madeiraisland.news\/index.php?rest_route=\/wp\/v2\/posts\/1195066\/revisions\/1195068"}],"wp:attachment":[{"href":"https:\/\/madeiraisland.news\/index.php?rest_route=%2Fwp%2Fv2%2Fmedia&parent=1195066"}],"wp:term":[{"taxonomy":"category","embeddable":true,"href":"https:\/\/madeiraisland.news\/index.php?rest_route=%2Fwp%2Fv2%2Fcategories&post=1195066"},{"taxonomy":"post_tag","embeddable":true,"href":"https:\/\/madeiraisland.news\/index.php?rest_route=%2Fwp%2Fv2%2Ftags&post=1195066"}],"curies":[{"name":"wp","href":"https:\/\/api.w.org\/{rel}","templated":true}]}}