{"id":1195063,"date":"2026-05-01T03:00:00","date_gmt":"2026-05-01T03:00:00","guid":{"rendered":"https:\/\/madeiraisland.news\/?p=1195063"},"modified":"2026-05-01T03:35:07","modified_gmt":"2026-05-01T03:35:07","slug":"temos-de-ter-fundos-para-manter-os-investimentos-apos-fim-do-prr","status":"publish","type":"post","link":"https:\/\/madeiraisland.news\/?p=1195063","title":{"rendered":"&#8220;Temos de ter fundos&#8221; para manter os investimentos ap\u00f3s fim do PRR"},"content":{"rendered":"<p>O presidente da Comiss\u00e3o Nacional de Acompanhamento do Plano de Recupera\u00e7\u00e3o e Resili\u00eancia (CNA-PRR) avisou ontem que o plano est\u00e1 a chegar ao fim e que v\u00e3o ser necess\u00e1rios outros fundos para garantir os investimentos.<br \/>\n&#8220;Estamos a chegar ao dia 31 de agosto e o PRR financia o capex [investimento] e agora temos de ter fundos para manter todos os investimentos que temos&#8221;, avisou o presidente da CNA-PRR, Pedro Dominguinhos, na apresenta\u00e7\u00e3o do mais recente relat\u00f3rio desta comiss\u00e3o.<br \/>\nEste respons\u00e1vel <\/p>\n","protected":false},"excerpt":{"rendered":"<p>O presidente da Comiss\u00e3o Nacional de Acompanhamento do Plano de Recupera\u00e7\u00e3o e Resili\u00eancia (CNA-PRR) avisou ontem que o plano est\u00e1 a chegar ao fim e que v\u00e3o ser necess\u00e1rios outros fundos para garantir os investimentos.<\/p>\n","protected":false},"author":5,"featured_media":0,"comment_status":"open","ping_status":"","sticky":false,"template":"","format":"standard","meta":{"footnotes":""},"categories":[19],"tags":[],"class_list":["post-1195063","post","type-post","status-publish","format-standard","hentry","category-madeira-island-news","infinite-scroll-item","masonry-post","generate-columns","tablet-grid-50","mobile-grid-100","grid-parent","grid-33"],"_links":{"self":[{"href":"https:\/\/madeiraisland.news\/index.php?rest_route=\/wp\/v2\/posts\/1195063","targetHints":{"allow":["GET"]}}],"collection":[{"href":"https:\/\/madeiraisland.news\/index.php?rest_route=\/wp\/v2\/posts"}],"about":[{"href":"https:\/\/madeiraisland.news\/index.php?rest_route=\/wp\/v2\/types\/post"}],"author":[{"embeddable":true,"href":"https:\/\/madeiraisland.news\/index.php?rest_route=\/wp\/v2\/users\/5"}],"replies":[{"embeddable":true,"href":"https:\/\/madeiraisland.news\/index.php?rest_route=%2Fwp%2Fv2%2Fcomments&post=1195063"}],"version-history":[{"count":2,"href":"https:\/\/madeiraisland.news\/index.php?rest_route=\/wp\/v2\/posts\/1195063\/revisions"}],"predecessor-version":[{"id":1195065,"href":"https:\/\/madeiraisland.news\/index.php?rest_route=\/wp\/v2\/posts\/1195063\/revisions\/1195065"}],"wp:attachment":[{"href":"https:\/\/madeiraisland.news\/index.php?rest_route=%2Fwp%2Fv2%2Fmedia&parent=1195063"}],"wp:term":[{"taxonomy":"category","embeddable":true,"href":"https:\/\/madeiraisland.news\/index.php?rest_route=%2Fwp%2Fv2%2Fcategories&post=1195063"},{"taxonomy":"post_tag","embeddable":true,"href":"https:\/\/madeiraisland.news\/index.php?rest_route=%2Fwp%2Fv2%2Ftags&post=1195063"}],"curies":[{"name":"wp","href":"https:\/\/api.w.org\/{rel}","templated":true}]}}