{"id":1195057,"date":"2026-04-30T21:30:00","date_gmt":"2026-04-30T21:30:00","guid":{"rendered":"https:\/\/madeiraisland.news\/?p=1195057"},"modified":"2026-04-30T21:32:23","modified_gmt":"2026-04-30T21:32:23","slug":"comissao-recebeu-nove-queixas-por-discriminacao-racial-este-ano","status":"publish","type":"post","link":"https:\/\/madeiraisland.news\/?p=1195057","title":{"rendered":"Comiss\u00e3o recebeu nove queixas por discrimina\u00e7\u00e3o racial este ano"},"content":{"rendered":"<p>A Comiss\u00e3o para a Igualdade e Contra a Discrimina\u00e7\u00e3o Racial (CICDR) recebeu nove queixas este ano, n\u00famero inferior ao registado em per\u00edodos semelhantes, o que a presidente do organismo explica com a falta de regulamenta\u00e7\u00e3o para aplicar san\u00e7\u00f5es.<br \/>\n&#8220;A situa\u00e7\u00e3o em que a Comiss\u00e3o ainda se encontra, sem regulamenta\u00e7\u00e3o j\u00e1 h\u00e1 dois anos, n\u00e3o favorece o trabalho, no sentido de as pessoas sentirem o conforto de que a sua queixa ter\u00e1 um andamento imediato&#8221;, considera, em declara\u00e7\u00f5es \u00e0 Lusa, Isabel Rodrigues.<\/p>\n","protected":false},"excerpt":{"rendered":"<p>A Comiss\u00e3o para a Igualdade e Contra a Discrimina\u00e7\u00e3o Racial (CICDR) recebeu nove queixas este ano, n\u00famero inferior ao registado em per\u00edodos semelhantes, o que a presidente do organismo explica com a falta de regulamenta\u00e7\u00e3o<\/p>\n","protected":false},"author":5,"featured_media":0,"comment_status":"open","ping_status":"","sticky":false,"template":"","format":"standard","meta":{"footnotes":""},"categories":[19],"tags":[],"class_list":["post-1195057","post","type-post","status-publish","format-standard","hentry","category-madeira-island-news","infinite-scroll-item","masonry-post","generate-columns","tablet-grid-50","mobile-grid-100","grid-parent","grid-33"],"_links":{"self":[{"href":"https:\/\/madeiraisland.news\/index.php?rest_route=\/wp\/v2\/posts\/1195057","targetHints":{"allow":["GET"]}}],"collection":[{"href":"https:\/\/madeiraisland.news\/index.php?rest_route=\/wp\/v2\/posts"}],"about":[{"href":"https:\/\/madeiraisland.news\/index.php?rest_route=\/wp\/v2\/types\/post"}],"author":[{"embeddable":true,"href":"https:\/\/madeiraisland.news\/index.php?rest_route=\/wp\/v2\/users\/5"}],"replies":[{"embeddable":true,"href":"https:\/\/madeiraisland.news\/index.php?rest_route=%2Fwp%2Fv2%2Fcomments&post=1195057"}],"version-history":[{"count":2,"href":"https:\/\/madeiraisland.news\/index.php?rest_route=\/wp\/v2\/posts\/1195057\/revisions"}],"predecessor-version":[{"id":1195059,"href":"https:\/\/madeiraisland.news\/index.php?rest_route=\/wp\/v2\/posts\/1195057\/revisions\/1195059"}],"wp:attachment":[{"href":"https:\/\/madeiraisland.news\/index.php?rest_route=%2Fwp%2Fv2%2Fmedia&parent=1195057"}],"wp:term":[{"taxonomy":"category","embeddable":true,"href":"https:\/\/madeiraisland.news\/index.php?rest_route=%2Fwp%2Fv2%2Fcategories&post=1195057"},{"taxonomy":"post_tag","embeddable":true,"href":"https:\/\/madeiraisland.news\/index.php?rest_route=%2Fwp%2Fv2%2Ftags&post=1195057"}],"curies":[{"name":"wp","href":"https:\/\/api.w.org\/{rel}","templated":true}]}}