{"id":1195052,"date":"2026-04-30T19:24:21","date_gmt":"2026-04-30T19:24:21","guid":{"rendered":"https:\/\/madeiraisland.news\/?p=1195052"},"modified":"2026-04-30T19:34:15","modified_gmt":"2026-04-30T19:34:15","slug":"raimundo-quintal-lamenta-estado-dos-jardins-do-funchal-e-da-como-exemplo-os-canteiros-do-forte-de-sao-filipe","status":"publish","type":"post","link":"https:\/\/madeiraisland.news\/?p=1195052","title":{"rendered":"Raimundo Quintal lamenta estado dos jardins do Funchal e d\u00e1 como exemplo os canteiros do Forte de S\u00e3o Filipe"},"content":{"rendered":"<p>O conhecido ge\u00f3grafo e ecologista Raimundo Quintal utilizou o seu grupo \u201cMadeira com Amor\u201d no WhatsApp para assinalar os \u201cevidentes sinais de degrada\u00e7\u00e3o\u201d de v\u00e1rios jardins do Funchal, nesta altura em que principia a Festa da Flor. \u201c\u00c9 com um enorme aperto no cora\u00e7\u00e3o, sem quaisquer motiva\u00e7\u00f5es pol\u00edticas, que partilho convosco imagens que captei, h\u00e1 [\u2026]<\/p>\n","protected":false},"excerpt":{"rendered":"<p>O conhecido ge\u00f3grafo e ecologista Raimundo Quintal utilizou o seu grupo \u201cMadeira com Amor\u201d no WhatsApp para assinalar os \u201cevidentes &#8230; <\/p>\n<p class=\"read-more-container\"><a title=\"Raimundo Quintal lamenta estado dos jardins do Funchal e d\u00e1 como exemplo os canteiros do Forte de S\u00e3o Filipe\" class=\"read-more button\" href=\"https:\/\/madeiraisland.news\/?p=1195052#more-1195052\" aria-label=\"Read more about Raimundo Quintal lamenta estado dos jardins do Funchal e d\u00e1 como exemplo os canteiros do Forte de S\u00e3o Filipe\">Read more<\/a><\/p>\n","protected":false},"author":258,"featured_media":0,"comment_status":"open","ping_status":"","sticky":false,"template":"","format":"standard","meta":{"footnotes":""},"categories":[19],"tags":[],"class_list":["post-1195052","post","type-post","status-publish","format-standard","hentry","category-madeira-island-news","infinite-scroll-item","masonry-post","generate-columns","tablet-grid-50","mobile-grid-100","grid-parent","grid-33"],"_links":{"self":[{"href":"https:\/\/madeiraisland.news\/index.php?rest_route=\/wp\/v2\/posts\/1195052","targetHints":{"allow":["GET"]}}],"collection":[{"href":"https:\/\/madeiraisland.news\/index.php?rest_route=\/wp\/v2\/posts"}],"about":[{"href":"https:\/\/madeiraisland.news\/index.php?rest_route=\/wp\/v2\/types\/post"}],"author":[{"embeddable":true,"href":"https:\/\/madeiraisland.news\/index.php?rest_route=\/wp\/v2\/users\/258"}],"replies":[{"embeddable":true,"href":"https:\/\/madeiraisland.news\/index.php?rest_route=%2Fwp%2Fv2%2Fcomments&post=1195052"}],"version-history":[{"count":1,"href":"https:\/\/madeiraisland.news\/index.php?rest_route=\/wp\/v2\/posts\/1195052\/revisions"}],"predecessor-version":[{"id":1195053,"href":"https:\/\/madeiraisland.news\/index.php?rest_route=\/wp\/v2\/posts\/1195052\/revisions\/1195053"}],"wp:attachment":[{"href":"https:\/\/madeiraisland.news\/index.php?rest_route=%2Fwp%2Fv2%2Fmedia&parent=1195052"}],"wp:term":[{"taxonomy":"category","embeddable":true,"href":"https:\/\/madeiraisland.news\/index.php?rest_route=%2Fwp%2Fv2%2Fcategories&post=1195052"},{"taxonomy":"post_tag","embeddable":true,"href":"https:\/\/madeiraisland.news\/index.php?rest_route=%2Fwp%2Fv2%2Ftags&post=1195052"}],"curies":[{"name":"wp","href":"https:\/\/api.w.org\/{rel}","templated":true}]}}