{"id":1195049,"date":"2026-04-30T19:05:07","date_gmt":"2026-04-30T19:05:07","guid":{"rendered":"https:\/\/madeiraisland.news\/?p=1195049"},"modified":"2026-04-30T19:15:06","modified_gmt":"2026-04-30T19:15:06","slug":"portugal-chama-embaixador-de-israel-e-garante-protecao-consular-a-portugueses-na-flotilha","status":"publish","type":"post","link":"https:\/\/madeiraisland.news\/?p=1195049","title":{"rendered":"Portugal chama embaixador de Israel e garante prote\u00e7\u00e3o consular a portugueses na flotilha"},"content":{"rendered":"<p>O ministro dos Neg\u00f3cios Estrangeiros portugu\u00eas disse hoje que o embaixador israelita foi chamado para dar explica\u00e7\u00f5es sobre a deten\u00e7\u00e3o de ativistas pr\u00f3-palestinianos, garantindo que as autoridades consulares est\u00e3o preparadas para acolher os portugueses, na Gr\u00e9cia ou em Israel.<br \/>\n&#8220;N\u00f3s temos as nossas autoridades consulares em Telavive e em Atenas a fazerem todas as dilig\u00eancias para darem a prote\u00e7\u00e3o consular a estes ativistas que ter\u00e3o sido detidos, e eventualmente a outros que possam vir a ter prob<\/p>\n","protected":false},"excerpt":{"rendered":"<p>O ministro dos Neg\u00f3cios Estrangeiros portugu\u00eas disse hoje que o embaixador israelita foi chamado para dar explica\u00e7\u00f5es sobre a deten\u00e7\u00e3o de ativistas pr\u00f3-palestinianos, garantindo que as autoridades consulares est\u00e3o preparadas para acolher os portugueses, na<\/p>\n","protected":false},"author":5,"featured_media":0,"comment_status":"open","ping_status":"","sticky":false,"template":"","format":"standard","meta":{"footnotes":""},"categories":[19],"tags":[],"class_list":["post-1195049","post","type-post","status-publish","format-standard","hentry","category-madeira-island-news","infinite-scroll-item","masonry-post","generate-columns","tablet-grid-50","mobile-grid-100","grid-parent","grid-33"],"_links":{"self":[{"href":"https:\/\/madeiraisland.news\/index.php?rest_route=\/wp\/v2\/posts\/1195049","targetHints":{"allow":["GET"]}}],"collection":[{"href":"https:\/\/madeiraisland.news\/index.php?rest_route=\/wp\/v2\/posts"}],"about":[{"href":"https:\/\/madeiraisland.news\/index.php?rest_route=\/wp\/v2\/types\/post"}],"author":[{"embeddable":true,"href":"https:\/\/madeiraisland.news\/index.php?rest_route=\/wp\/v2\/users\/5"}],"replies":[{"embeddable":true,"href":"https:\/\/madeiraisland.news\/index.php?rest_route=%2Fwp%2Fv2%2Fcomments&post=1195049"}],"version-history":[{"count":2,"href":"https:\/\/madeiraisland.news\/index.php?rest_route=\/wp\/v2\/posts\/1195049\/revisions"}],"predecessor-version":[{"id":1195051,"href":"https:\/\/madeiraisland.news\/index.php?rest_route=\/wp\/v2\/posts\/1195049\/revisions\/1195051"}],"wp:attachment":[{"href":"https:\/\/madeiraisland.news\/index.php?rest_route=%2Fwp%2Fv2%2Fmedia&parent=1195049"}],"wp:term":[{"taxonomy":"category","embeddable":true,"href":"https:\/\/madeiraisland.news\/index.php?rest_route=%2Fwp%2Fv2%2Fcategories&post=1195049"},{"taxonomy":"post_tag","embeddable":true,"href":"https:\/\/madeiraisland.news\/index.php?rest_route=%2Fwp%2Fv2%2Ftags&post=1195049"}],"curies":[{"name":"wp","href":"https:\/\/api.w.org\/{rel}","templated":true}]}}