{"id":1195046,"date":"2026-04-30T19:08:41","date_gmt":"2026-04-30T19:08:41","guid":{"rendered":"https:\/\/madeiraisland.news\/?p=1195046"},"modified":"2026-04-30T19:15:06","modified_gmt":"2026-04-30T19:15:06","slug":"chairman-da-tap-anteve-verao-seguro-sem-previsao-de-falta-de-combustivel","status":"publish","type":"post","link":"https:\/\/madeiraisland.news\/?p=1195046","title":{"rendered":"Chairman da TAP antev\u00ea &#8220;Ver\u00e3o seguro&#8221; sem previs\u00e3o de falta de combust\u00edvel"},"content":{"rendered":"<p>O\u00a0&#8216;chairman&#8217; da TAP, Carlos Oliveira, garantiu hoje, numa visita \u00e0 cidade norte-americana de Newark, n\u00e3o ter previs\u00e3o de\u00a0indisponibilidade de combust\u00edvel em Portugal, avaliando que o\u00a0&#8220;ver\u00e3o estar\u00e1 seguro&#8221;.<br \/>\n&#8220;A TAP tem estado a acompanhar com muita aten\u00e7\u00e3o e de uma forma di\u00e1ria todas as din\u00e2micas do mercado. As informa\u00e7\u00f5es que temos [&#8230;] \u00e9 de que em Portugal n\u00e3o h\u00e1 previs\u00e3o de haver uma indisponibilidade de combust\u00edvel e que, portanto, o ver\u00e3o estar\u00e1 seguro&#8221;, afirmou, ao ser questionado pela Lusa<\/p>\n","protected":false},"excerpt":{"rendered":"<p>O\u00a0&#8216;chairman&#8217; da TAP, Carlos Oliveira, garantiu hoje, numa visita \u00e0 cidade norte-americana de Newark, n\u00e3o ter previs\u00e3o de\u00a0indisponibilidade de combust\u00edvel em Portugal, avaliando que o\u00a0&#8220;ver\u00e3o estar\u00e1 seguro&#8221;. &#8220;A TAP tem estado a acompanhar com muita<\/p>\n","protected":false},"author":5,"featured_media":0,"comment_status":"open","ping_status":"","sticky":false,"template":"","format":"standard","meta":{"footnotes":""},"categories":[19],"tags":[],"class_list":["post-1195046","post","type-post","status-publish","format-standard","hentry","category-madeira-island-news","infinite-scroll-item","masonry-post","generate-columns","tablet-grid-50","mobile-grid-100","grid-parent","grid-33"],"_links":{"self":[{"href":"https:\/\/madeiraisland.news\/index.php?rest_route=\/wp\/v2\/posts\/1195046","targetHints":{"allow":["GET"]}}],"collection":[{"href":"https:\/\/madeiraisland.news\/index.php?rest_route=\/wp\/v2\/posts"}],"about":[{"href":"https:\/\/madeiraisland.news\/index.php?rest_route=\/wp\/v2\/types\/post"}],"author":[{"embeddable":true,"href":"https:\/\/madeiraisland.news\/index.php?rest_route=\/wp\/v2\/users\/5"}],"replies":[{"embeddable":true,"href":"https:\/\/madeiraisland.news\/index.php?rest_route=%2Fwp%2Fv2%2Fcomments&post=1195046"}],"version-history":[{"count":2,"href":"https:\/\/madeiraisland.news\/index.php?rest_route=\/wp\/v2\/posts\/1195046\/revisions"}],"predecessor-version":[{"id":1195048,"href":"https:\/\/madeiraisland.news\/index.php?rest_route=\/wp\/v2\/posts\/1195046\/revisions\/1195048"}],"wp:attachment":[{"href":"https:\/\/madeiraisland.news\/index.php?rest_route=%2Fwp%2Fv2%2Fmedia&parent=1195046"}],"wp:term":[{"taxonomy":"category","embeddable":true,"href":"https:\/\/madeiraisland.news\/index.php?rest_route=%2Fwp%2Fv2%2Fcategories&post=1195046"},{"taxonomy":"post_tag","embeddable":true,"href":"https:\/\/madeiraisland.news\/index.php?rest_route=%2Fwp%2Fv2%2Ftags&post=1195046"}],"curies":[{"name":"wp","href":"https:\/\/api.w.org\/{rel}","templated":true}]}}