{"id":1195043,"date":"2026-04-30T18:23:16","date_gmt":"2026-04-30T18:23:16","guid":{"rendered":"https:\/\/madeiraisland.news\/?p=1195043"},"modified":"2026-04-30T18:52:04","modified_gmt":"2026-04-30T18:52:04","slug":"moratorias-de-credito-prolongadas-por-mais-12-meses","status":"publish","type":"post","link":"https:\/\/madeiraisland.news\/?p=1195043","title":{"rendered":"Morat\u00f3rias de cr\u00e9dito prolongadas por mais 12 meses"},"content":{"rendered":"<p>O Conselho de Ministros aprovou hoje o prolongamento por mais 12 meses das morat\u00f3rias de cr\u00e9dito atribu\u00eddas a empresas, institui\u00e7\u00f5es sociais e fam\u00edlias, disse o primeiro-ministro no final da reuni\u00e3o decorrida em Beja.<br \/>\nA medida, j\u00e1 anunciada na quarta-feira por Lu\u00eds Montenegro, durante o debate quinzenal no parlamento, destina-se a permitir que empresas, institui\u00e7\u00f5es sociais e fam\u00edlias &#8220;possam usufruir de um per\u00edodo maior isento do pagamento de capital e de juros dos seus empr\u00e9stimos&#8221;, caso nece<\/p>\n","protected":false},"excerpt":{"rendered":"<p>O Conselho de Ministros aprovou hoje o prolongamento por mais 12 meses das morat\u00f3rias de cr\u00e9dito atribu\u00eddas a empresas, institui\u00e7\u00f5es sociais e fam\u00edlias, disse o primeiro-ministro no final da reuni\u00e3o decorrida em Beja. A medida,<\/p>\n","protected":false},"author":5,"featured_media":0,"comment_status":"open","ping_status":"","sticky":false,"template":"","format":"standard","meta":{"footnotes":""},"categories":[19],"tags":[],"class_list":["post-1195043","post","type-post","status-publish","format-standard","hentry","category-madeira-island-news","infinite-scroll-item","masonry-post","generate-columns","tablet-grid-50","mobile-grid-100","grid-parent","grid-33"],"_links":{"self":[{"href":"https:\/\/madeiraisland.news\/index.php?rest_route=\/wp\/v2\/posts\/1195043","targetHints":{"allow":["GET"]}}],"collection":[{"href":"https:\/\/madeiraisland.news\/index.php?rest_route=\/wp\/v2\/posts"}],"about":[{"href":"https:\/\/madeiraisland.news\/index.php?rest_route=\/wp\/v2\/types\/post"}],"author":[{"embeddable":true,"href":"https:\/\/madeiraisland.news\/index.php?rest_route=\/wp\/v2\/users\/5"}],"replies":[{"embeddable":true,"href":"https:\/\/madeiraisland.news\/index.php?rest_route=%2Fwp%2Fv2%2Fcomments&post=1195043"}],"version-history":[{"count":2,"href":"https:\/\/madeiraisland.news\/index.php?rest_route=\/wp\/v2\/posts\/1195043\/revisions"}],"predecessor-version":[{"id":1195045,"href":"https:\/\/madeiraisland.news\/index.php?rest_route=\/wp\/v2\/posts\/1195043\/revisions\/1195045"}],"wp:attachment":[{"href":"https:\/\/madeiraisland.news\/index.php?rest_route=%2Fwp%2Fv2%2Fmedia&parent=1195043"}],"wp:term":[{"taxonomy":"category","embeddable":true,"href":"https:\/\/madeiraisland.news\/index.php?rest_route=%2Fwp%2Fv2%2Fcategories&post=1195043"},{"taxonomy":"post_tag","embeddable":true,"href":"https:\/\/madeiraisland.news\/index.php?rest_route=%2Fwp%2Fv2%2Ftags&post=1195043"}],"curies":[{"name":"wp","href":"https:\/\/api.w.org\/{rel}","templated":true}]}}