{"id":1195037,"date":"2026-04-30T18:13:24","date_gmt":"2026-04-30T18:13:24","guid":{"rendered":"https:\/\/madeiraisland.news\/?p=1195037"},"modified":"2026-04-30T18:23:35","modified_gmt":"2026-04-30T18:23:35","slug":"cultura-nos-mercados-prossegue-em-camara-de-lobos","status":"publish","type":"post","link":"https:\/\/madeiraisland.news\/?p=1195037","title":{"rendered":"\u201cCultura nos Mercados\u201d prossegue em C\u00e2mara de Lobos"},"content":{"rendered":"<p>\u00a0 A iniciativa\u00a0\u201cCultura nos Mercados\u201d, promovida pelo Munic\u00edpio de C\u00e2mara de Lobos, j\u00e1 est\u00e1 em curso desde o passado m\u00eas de Abril, tendo arrancado com forte ades\u00e3o do p\u00fablico e um ambiente de grande anima\u00e7\u00e3o nos mercados municipais. Integrada num programa anual que leva m\u00fasica, tradi\u00e7\u00e3o e conv\u00edvio aos mercados municipais de C\u00e2mara de Lobos [\u2026]<\/p>\n","protected":false},"excerpt":{"rendered":"<p>\u00a0 A iniciativa\u00a0\u201cCultura nos Mercados\u201d, promovida pelo Munic\u00edpio de C\u00e2mara de Lobos, j\u00e1 est\u00e1 em curso desde o passado m\u00eas &#8230; <\/p>\n<p class=\"read-more-container\"><a title=\"\u201cCultura nos Mercados\u201d prossegue em C\u00e2mara de Lobos\" class=\"read-more button\" href=\"https:\/\/madeiraisland.news\/?p=1195037#more-1195037\" aria-label=\"Read more about \u201cCultura nos Mercados\u201d prossegue em C\u00e2mara de Lobos\">Read more<\/a><\/p>\n","protected":false},"author":258,"featured_media":0,"comment_status":"open","ping_status":"","sticky":false,"template":"","format":"standard","meta":{"footnotes":""},"categories":[19],"tags":[],"class_list":["post-1195037","post","type-post","status-publish","format-standard","hentry","category-madeira-island-news","infinite-scroll-item","masonry-post","generate-columns","tablet-grid-50","mobile-grid-100","grid-parent","grid-33"],"_links":{"self":[{"href":"https:\/\/madeiraisland.news\/index.php?rest_route=\/wp\/v2\/posts\/1195037","targetHints":{"allow":["GET"]}}],"collection":[{"href":"https:\/\/madeiraisland.news\/index.php?rest_route=\/wp\/v2\/posts"}],"about":[{"href":"https:\/\/madeiraisland.news\/index.php?rest_route=\/wp\/v2\/types\/post"}],"author":[{"embeddable":true,"href":"https:\/\/madeiraisland.news\/index.php?rest_route=\/wp\/v2\/users\/258"}],"replies":[{"embeddable":true,"href":"https:\/\/madeiraisland.news\/index.php?rest_route=%2Fwp%2Fv2%2Fcomments&post=1195037"}],"version-history":[{"count":1,"href":"https:\/\/madeiraisland.news\/index.php?rest_route=\/wp\/v2\/posts\/1195037\/revisions"}],"predecessor-version":[{"id":1195038,"href":"https:\/\/madeiraisland.news\/index.php?rest_route=\/wp\/v2\/posts\/1195037\/revisions\/1195038"}],"wp:attachment":[{"href":"https:\/\/madeiraisland.news\/index.php?rest_route=%2Fwp%2Fv2%2Fmedia&parent=1195037"}],"wp:term":[{"taxonomy":"category","embeddable":true,"href":"https:\/\/madeiraisland.news\/index.php?rest_route=%2Fwp%2Fv2%2Fcategories&post=1195037"},{"taxonomy":"post_tag","embeddable":true,"href":"https:\/\/madeiraisland.news\/index.php?rest_route=%2Fwp%2Fv2%2Ftags&post=1195037"}],"curies":[{"name":"wp","href":"https:\/\/api.w.org\/{rel}","templated":true}]}}